{"id":1821,"date":"2015-05-17T18:00:00","date_gmt":"2015-05-17T18:00:00","guid":{"rendered":"https:\/\/saloanoticias.mrmediaweb.com\/v1\/2015\/05\/17\/dr-genaro-braga-prega-na-igreja-presbiteriana-neste-domingo-17\/"},"modified":"2015-05-17T18:00:00","modified_gmt":"2015-05-17T18:00:00","slug":"dr-genaro-braga-prega-na-igreja-presbiteriana-neste-domingo-17","status":"publish","type":"post","link":"https:\/\/www.saloanoticias.com\/v1\/dr-genaro-braga-prega-na-igreja-presbiteriana-neste-domingo-17\/","title":{"rendered":"DOUTOR GENARO BRAGA PREGA NA IGREJA PRESBITERIANA NESTE DOMINGO (17)"},"content":{"rendered":"<p align=\"justify\"><font size=\"3\" face=\"Arial\"><a href=\"http:\/\/www.saloanoticias.com\/images\/dsc_5292_642317df88e23af2263a9bbb1ac0fdd4.jpg\"><img loading=\"lazy\" decoding=\"async\" title=\"DSC_5292\" style=\"border-top: 0px; border-right: 0px; background-image: none; border-bottom: 0px; float: none; padding-top: 0px; padding-left: 0px; margin: 0px auto 10px; border-left: 0px; display: block; padding-right: 0px\" border=\"0\" alt=\"DSC_5292\" src=\"http:\/\/www.saloanoticias.com\/v1\/wp-content\/uploads\/imagens\/dsc_5292_thumb_da97878f121cd56bb082c9bb4d60e927.jpg\" width=\"466\" height=\"406\"><\/a>A Igreja Presbiteriana em Salo\u00e1\/PE est\u00e1 comemorando neste final de semana seu anivers\u00e1rio de 58 anos de exist\u00eancia no munic\u00edpio, e desde ontem, s\u00e1bado (16), recebe visitantes e levitas para adorar o nome de Jesus. Seguindo a programa\u00e7\u00e3o, o pregador do culto de encerramento que acontece logo mais \u00e0s 19 horas deste domingo, \u00e9 o presb\u00edtero da Igreja Evang\u00e9lica Assembleia de Deus em Garanhuns \u2013 IEADPE, Dr. Genaro Braga. Ele \u00e9 bastante conhecido na regi\u00e3o por ser um dos melhores m\u00e9dicos urologistas de Garanhuns.<\/font><\/p>\n<p align=\"justify\"><font size=\"3\" face=\"Arial\">Al\u00e9m de exercer a medicina, Braga se dedica a prega\u00e7\u00e3o da Palavra de Deus e sempre que \u00e9 convidado, leva a mensagem sagrada nas igrejas evang\u00e9licas. Os organizadores do evento esperam uma grande quantidade de pessoas no culto e, avisa que os trabalhos come\u00e7aram pontualmente \u00e0s 7:00 da noite.<\/font><\/p>\n<div style=\"margin-top: 0px; margin-bottom: 0px;\" class=\"sharethis-inline-share-buttons\" ><\/div>","protected":false},"excerpt":{"rendered":"<p>A Igreja Presbiteriana em Salo\u00e1\/PE est\u00e1 comemorando neste final de semana seu anivers\u00e1rio de 58 anos de exist\u00eancia no munic\u00edpio, e desde ontem, s\u00e1bado (16), recebe visitantes e levitas para adorar o nome de Jesus. Seguindo a programa\u00e7\u00e3o, o pregador do culto de encerramento que acontece logo mais \u00e0s 19 horas deste domingo, \u00e9 o [&hellip;]<\/p>\n","protected":false},"author":1,"featured_media":0,"comment_status":"open","ping_status":"open","sticky":false,"template":"","format":"standard","meta":{"footnotes":""},"categories":[2],"tags":[],"class_list":["post-1821","post","type-post","status-publish","format-standard","hentry","category-noticias-do-dia"],"_links":{"self":[{"href":"https:\/\/www.saloanoticias.com\/v1\/wp-json\/wp\/v2\/posts\/1821","targetHints":{"allow":["GET"]}}],"collection":[{"href":"https:\/\/www.saloanoticias.com\/v1\/wp-json\/wp\/v2\/posts"}],"about":[{"href":"https:\/\/www.saloanoticias.com\/v1\/wp-json\/wp\/v2\/types\/post"}],"author":[{"embeddable":true,"href":"https:\/\/www.saloanoticias.com\/v1\/wp-json\/wp\/v2\/users\/1"}],"replies":[{"embeddable":true,"href":"https:\/\/www.saloanoticias.com\/v1\/wp-json\/wp\/v2\/comments?post=1821"}],"version-history":[{"count":0,"href":"https:\/\/www.saloanoticias.com\/v1\/wp-json\/wp\/v2\/posts\/1821\/revisions"}],"wp:attachment":[{"href":"https:\/\/www.saloanoticias.com\/v1\/wp-json\/wp\/v2\/media?parent=1821"}],"wp:term":[{"taxonomy":"category","embeddable":true,"href":"https:\/\/www.saloanoticias.com\/v1\/wp-json\/wp\/v2\/categories?post=1821"},{"taxonomy":"post_tag","embeddable":true,"href":"https:\/\/www.saloanoticias.com\/v1\/wp-json\/wp\/v2\/tags?post=1821"}],"curies":[{"name":"wp","href":"https:\/\/api.w.org\/{rel}","templated":true}]}}