{"id":1819,"date":"2015-05-16T20:00:00","date_gmt":"2015-05-16T20:00:00","guid":{"rendered":"https:\/\/saloanoticias.mrmediaweb.com\/v1\/2015\/05\/16\/ver-parabeniza-os-presbiterianos-pelos-58-anos-em-saloa\/"},"modified":"2015-05-16T20:00:00","modified_gmt":"2015-05-16T20:00:00","slug":"ver-parabeniza-os-presbiterianos-pelos-58-anos-em-saloa","status":"publish","type":"post","link":"https:\/\/www.saloanoticias.com\/v1\/ver-parabeniza-os-presbiterianos-pelos-58-anos-em-saloa\/","title":{"rendered":"VEREADOR DESTACA OS PRESBITERIANOS PELOS 58 ANOS EM SALO\u00c1"},"content":{"rendered":"<p align=\"justify\"><font size=\"3\" face=\"Arial\"><a href=\"http:\/\/www.saloanoticias.com\/images\/dsc_5307.jpg\"><img loading=\"lazy\" decoding=\"async\" title=\"DSC_5307\" style=\"border-top: 0px; border-right: 0px; background-image: none; border-bottom: 0px; float: none; padding-top: 0px; padding-left: 0px; margin: 0px auto 10px; border-left: 0px; display: block; padding-right: 0px\" border=\"0\" alt=\"DSC_5307\" src=\"http:\/\/www.saloanoticias.com\/v1\/wp-content\/uploads\/imagens\/dsc_5307_thumb.jpg\" width=\"581\" height=\"386\"><\/a>Neste momento venho a p\u00fablico parabenizar a IPB &#8211; Igreja Presbiteriana do Brasil &#8211; na cidade de Salo\u00e1\/PE, pelos seus 58 anos de exist\u00eancia neste munic\u00edpio. Foi nesta igreja aben\u00e7oada que dei os meus primeiros passos na vida crist\u00e3 e, onde aprendi as verdades b\u00edblicas que norteiam a minha vida. Os presbiterianos foram um dos primeiros a chegarem em Salo\u00e1 e divulgaram as boas novas de salva\u00e7\u00e3o da parte do nosso Senhor e Salvador Jesus Cristo. Parabenizo nesta oportunidade toda a membresia da referida igreja em nome do Reverendo Leonildo Paix\u00e3o<\/font><font size=\"3\" face=\"Arial\"> que vem fazendo uma brilhante gest\u00e3o \u00e0 frente da IPB.<\/font> <\/p>\n<p align=\"justify\"><a href=\"http:\/\/www.saloanoticias.com\/images\/dsc_5278.jpg\"><img loading=\"lazy\" decoding=\"async\" title=\"DSC_5278\" style=\"border-top: 0px; border-right: 0px; background-image: none; border-bottom: 0px; float: none; padding-top: 0px; padding-left: 0px; margin: 10px auto; border-left: 0px; display: block; padding-right: 0px\" border=\"0\" alt=\"DSC_5278\" src=\"http:\/\/www.saloanoticias.com\/v1\/wp-content\/uploads\/imagens\/dsc_5278_thumb.jpg\" width=\"587\" height=\"389\"><\/a> <\/p>\n<p align=\"justify\"><font size=\"3\" face=\"Arial\">Quero ainda, como vereador e representante do povo, agradecer aos presbiterianos pelos servi\u00e7os prestados \u00e0 nossa sociedade. Que Deus, em sua plenitude, possa continuar aben\u00e7oando essa amada igreja at\u00e9 a volta do Senhor. Para medita\u00e7\u00e3o em deixo o Salmo 20.7.<\/font><\/p>\n<div style=\"margin-top: 0px; margin-bottom: 0px;\" class=\"sharethis-inline-share-buttons\" ><\/div>","protected":false},"excerpt":{"rendered":"<p>Neste momento venho a p\u00fablico parabenizar a IPB &#8211; Igreja Presbiteriana do Brasil &#8211; na cidade de Salo\u00e1\/PE, pelos seus 58 anos de exist\u00eancia neste munic\u00edpio. Foi nesta igreja aben\u00e7oada que dei os meus primeiros passos na vida crist\u00e3 e, onde aprendi as verdades b\u00edblicas que norteiam a minha vida. Os presbiterianos foram um dos [&hellip;]<\/p>\n","protected":false},"author":1,"featured_media":0,"comment_status":"open","ping_status":"open","sticky":false,"template":"","format":"standard","meta":{"footnotes":""},"categories":[2],"tags":[],"class_list":["post-1819","post","type-post","status-publish","format-standard","hentry","category-noticias-do-dia"],"_links":{"self":[{"href":"https:\/\/www.saloanoticias.com\/v1\/wp-json\/wp\/v2\/posts\/1819","targetHints":{"allow":["GET"]}}],"collection":[{"href":"https:\/\/www.saloanoticias.com\/v1\/wp-json\/wp\/v2\/posts"}],"about":[{"href":"https:\/\/www.saloanoticias.com\/v1\/wp-json\/wp\/v2\/types\/post"}],"author":[{"embeddable":true,"href":"https:\/\/www.saloanoticias.com\/v1\/wp-json\/wp\/v2\/users\/1"}],"replies":[{"embeddable":true,"href":"https:\/\/www.saloanoticias.com\/v1\/wp-json\/wp\/v2\/comments?post=1819"}],"version-history":[{"count":0,"href":"https:\/\/www.saloanoticias.com\/v1\/wp-json\/wp\/v2\/posts\/1819\/revisions"}],"wp:attachment":[{"href":"https:\/\/www.saloanoticias.com\/v1\/wp-json\/wp\/v2\/media?parent=1819"}],"wp:term":[{"taxonomy":"category","embeddable":true,"href":"https:\/\/www.saloanoticias.com\/v1\/wp-json\/wp\/v2\/categories?post=1819"},{"taxonomy":"post_tag","embeddable":true,"href":"https:\/\/www.saloanoticias.com\/v1\/wp-json\/wp\/v2\/tags?post=1819"}],"curies":[{"name":"wp","href":"https:\/\/api.w.org\/{rel}","templated":true}]}}