{"id":1818,"date":"2015-05-15T23:29:44","date_gmt":"2015-05-15T23:29:44","guid":{"rendered":"https:\/\/saloanoticias.mrmediaweb.com\/v1\/2015\/05\/15\/psd-em-paranatama-e-destaque\/"},"modified":"2015-05-15T23:29:44","modified_gmt":"2015-05-15T23:29:44","slug":"psd-em-paranatama-e-destaque","status":"publish","type":"post","link":"https:\/\/www.saloanoticias.com\/v1\/psd-em-paranatama-e-destaque\/","title":{"rendered":"PSD EM PARANATAMA\/PE \u00c9 DESTAQUE"},"content":{"rendered":"<p align=\"justify\"><font size=\"3\" face=\"Arial\"><a href=\"http:\/\/www.saloanoticias.com\/images\/salo-notcias-10_0360350f6548b2a7e68500700fa0eab5.jpg\"><img loading=\"lazy\" decoding=\"async\" title=\"Salo&aacute; Not&iacute;cias 10\" style=\"border-top: 0px; border-right: 0px; background-image: none; border-bottom: 0px; float: none; padding-top: 0px; padding-left: 0px; margin: 0px auto 10px; border-left: 0px; display: block; padding-right: 0px\" border=\"0\" alt=\"Salo&aacute; Not&iacute;cias 10\" src=\"http:\/\/www.saloanoticias.com\/v1\/wp-content\/uploads\/imagens\/salo-notcias-10_thumb_48445283333f639a8ca9a85db4178bc7.jpg\" width=\"507\" height=\"334\"><\/a>O PSD \u00e9 destaque em \u201cPesquisas Eleitorais\u201d no Munic\u00edpio de Paranatama\/PE, e j\u00e1 \u00e9 a terceira for\u00e7a da politica Paranatamense. A informa\u00e7\u00e3o foi repassada pela diretoria do partido naquela cidade. H\u00e1 pouco mais de um ano e meio para as elei\u00e7\u00f5es municipais os partidos j\u00e1 come\u00e7am suas mobiliza\u00e7\u00f5es. Visando tamb\u00e9m o pleito, o prefeito Z\u00e9 Teixeira reuniu seus correligion\u00e1rios esta semana e apresentou seu vice Valmir do Leite como seu candidato em 2016. Parab\u00e9ns ao Presidente Zelandyo Silva<\/font><font size=\"3\" face=\"Arial\">, e todos que fazem o PSD Paranatama !<\/font><\/p>\n<div style=\"margin-top: 0px; margin-bottom: 0px;\" class=\"sharethis-inline-share-buttons\" ><\/div>","protected":false},"excerpt":{"rendered":"<p>O PSD \u00e9 destaque em \u201cPesquisas Eleitorais\u201d no Munic\u00edpio de Paranatama\/PE, e j\u00e1 \u00e9 a terceira for\u00e7a da politica Paranatamense. A informa\u00e7\u00e3o foi repassada pela diretoria do partido naquela cidade. H\u00e1 pouco mais de um ano e meio para as elei\u00e7\u00f5es municipais os partidos j\u00e1 come\u00e7am suas mobiliza\u00e7\u00f5es. Visando tamb\u00e9m o pleito, o prefeito Z\u00e9 [&hellip;]<\/p>\n","protected":false},"author":1,"featured_media":0,"comment_status":"open","ping_status":"open","sticky":false,"template":"","format":"standard","meta":{"footnotes":""},"categories":[2],"tags":[],"class_list":["post-1818","post","type-post","status-publish","format-standard","hentry","category-noticias-do-dia"],"_links":{"self":[{"href":"https:\/\/www.saloanoticias.com\/v1\/wp-json\/wp\/v2\/posts\/1818","targetHints":{"allow":["GET"]}}],"collection":[{"href":"https:\/\/www.saloanoticias.com\/v1\/wp-json\/wp\/v2\/posts"}],"about":[{"href":"https:\/\/www.saloanoticias.com\/v1\/wp-json\/wp\/v2\/types\/post"}],"author":[{"embeddable":true,"href":"https:\/\/www.saloanoticias.com\/v1\/wp-json\/wp\/v2\/users\/1"}],"replies":[{"embeddable":true,"href":"https:\/\/www.saloanoticias.com\/v1\/wp-json\/wp\/v2\/comments?post=1818"}],"version-history":[{"count":0,"href":"https:\/\/www.saloanoticias.com\/v1\/wp-json\/wp\/v2\/posts\/1818\/revisions"}],"wp:attachment":[{"href":"https:\/\/www.saloanoticias.com\/v1\/wp-json\/wp\/v2\/media?parent=1818"}],"wp:term":[{"taxonomy":"category","embeddable":true,"href":"https:\/\/www.saloanoticias.com\/v1\/wp-json\/wp\/v2\/categories?post=1818"},{"taxonomy":"post_tag","embeddable":true,"href":"https:\/\/www.saloanoticias.com\/v1\/wp-json\/wp\/v2\/tags?post=1818"}],"curies":[{"name":"wp","href":"https:\/\/api.w.org\/{rel}","templated":true}]}}