{"id":1817,"date":"2015-05-15T21:45:48","date_gmt":"2015-05-15T21:45:48","guid":{"rendered":"https:\/\/saloanoticias.mrmediaweb.com\/v1\/2015\/05\/15\/lagoa-do-ouro-e-angelim-abrem-edital-do-concurso-publico\/"},"modified":"2015-05-15T21:45:48","modified_gmt":"2015-05-15T21:45:48","slug":"lagoa-do-ouro-e-angelim-abrem-edital-do-concurso-publico","status":"publish","type":"post","link":"https:\/\/www.saloanoticias.com\/v1\/lagoa-do-ouro-e-angelim-abrem-edital-do-concurso-publico\/","title":{"rendered":"LAGOA DO OURO E ANGELIM ABREM EDITAL DO CONCURSO P\u00daBLICO"},"content":{"rendered":"<p align=\"justify\"><font size=\"3\" face=\"Arial\"><strong><font size=\"4\"><a href=\"http:\/\/www.saloanoticias.com\/images\/salo-notcias-10_670ecbef106111806092499e981f8c48.jpg\"><img loading=\"lazy\" decoding=\"async\" title=\"Salo&aacute; Not&iacute;cias 10\" style=\"border-top: 0px; border-right: 0px; background-image: none; border-bottom: 0px; float: left; padding-top: 0px; padding-left: 0px; margin: 5px 5px 0px 0px; border-left: 0px; display: inline; padding-right: 0px\" border=\"0\" alt=\"Salo&aacute; Not&iacute;cias 10\" src=\"http:\/\/www.saloanoticias.com\/v1\/wp-content\/uploads\/imagens\/salo-notcias-10_thumb_39e8ae898d8ea40b09a919fe3e128221.jpg\" width=\"288\" align=\"left\" height=\"197\"><\/a>LAGOA DO OURO\/PE<\/font><\/strong>&nbsp; &#8211;&nbsp; A Prefeitura de Lagoa do Ouro lan\u00e7ou hoje, dia 15, Edital com 120 vagas em Concurso P\u00fablico para provimento de cargos efetivos. As Vagas est\u00e3o distribu\u00eddas em 44 cargos de n\u00edvel fundamental, m\u00e9dio e superior. <\/font><font size=\"3\" face=\"Arial\">Assim como em Angelim, o Instituto Adm&amp;Tec ser\u00e1 o organizador do Certame, cujos sal\u00e1rios variam entre R$ 788 e R$ 3.000. O Edital est\u00e1 dispon\u00edvel nos sites: <\/font><a href=\"http:\/\/www.admtec.org.br\/\"><b><font size=\"3\" face=\"Arial\">www.admtec.org.br<\/font><\/b><\/a><font size=\"3\" face=\"Arial\"> e <\/font><a href=\"http:\/\/www.lagoadoouro.pe.gov.br\/\"><b><font size=\"3\" face=\"Arial\">http:\/\/www.lagoadoouro.pe.gov.br\/<\/font><\/b><\/a><font size=\"3\" face=\"Arial\">&nbsp; ou clicando <b><a href=\"http:\/\/site.admtec.org.br\/files\/prefeitura_lagoa_do_ouro\/LAGOA_DO_OURO_EDITAL.pdf\">AQUI<\/a><\/b>.<\/font> <\/p>\n<p align=\"justify\"><font size=\"3\" face=\"Arial\">As Inscri\u00e7\u00f5es, que custam R$ 80 (superior); R$ 60 (m\u00e9dio) e R$ 40 (fundamental), devem ser realizadas atrav\u00e9s do site: <\/font><a href=\"http:\/\/www.admtec.org.br\/\"><font size=\"3\" face=\"Arial\">www.admtec.org.br<\/font><\/a><font size=\"3\" face=\"Arial\">, no per\u00edodo de 18 de maio a 5 de julho de 2015. As provas ser\u00e3o aplicadas no dia 19 de julho de 2015, sendo no hor\u00e1rio das 8 \u00e0s 11h (n\u00edvel fundamental e superior) e das 13 \u00e0s 16h para os cargos de n\u00edvel m\u00e9dio. <\/font><b><font size=\"3\" face=\"Arial\">Clique <\/font><a href=\"http:\/\/www.blogdocarloseugenio.com.br\/2015\/05\/concurso-prefeitura-de-lagoa-do-ouro.html\"><font size=\"3\" face=\"Arial\">AQUI<\/font><\/a><font size=\"3\" face=\"Arial\"> e confira os cargos, vagas e sal\u00e1rios dispon\u00edveis para o Concurso da Prefeitura de Lagoa do Ouro.<\/font><\/b> <\/p>\n<p align=\"justify\"><font size=\"3\" face=\"Arial\"><font size=\"4\"><strong>ANGELIM\/PE<\/strong><\/font>&nbsp; &#8211;&nbsp; A Prefeitura de Angelim lan\u00e7ou Edital com 89 vagas em Concurso P\u00fablico para provimento de cargos efetivos em seu quadro de pessoal do Munic\u00edpio. As Vagas est\u00e3o distribu\u00eddas em 19 cargos de n\u00edvel fundamental, m\u00e9dio e superior. <\/font><font size=\"3\" face=\"Arial\">O Instituto Adm&amp;Tec ser\u00e1 o organizador do Certame, cujos sal\u00e1rios variam entre R$ 788 e R$ 3.000. O Edital est\u00e1 dispon\u00edvel nos sites: <\/font><a href=\"http:\/\/www.angelim.pe.transparencia1.com.br\/\"><font size=\"3\" face=\"Arial\">www.angelim.pe.transparencia1.com.br<\/font><\/a><font size=\"3\" face=\"Arial\"> e <\/font><a href=\"http:\/\/www.admtec.org.br\/\"><font size=\"3\" face=\"Arial\">www.admtec.org.br<\/font><\/a><font size=\"3\" face=\"Arial\"> .<\/font> <\/p>\n<p align=\"justify\"><font size=\"3\" face=\"Arial\">As Inscri\u00e7\u00f5es, que custam R$ 80 (superior); R$ 60 (m\u00e9dio) e R$ 40 (fundamental), devem ser realizadas atrav\u00e9s do site: <\/font><a href=\"http:\/\/www.admtec.org.br\/\"><font size=\"3\" face=\"Arial\">www.admtec.org.br<\/font><\/a><font size=\"3\" face=\"Arial\">, no per\u00edodo de 18 de maio a 21 de junho de 2015. As provas ser\u00e3o aplicadas no dia 12 de julho de 2015, sendo no hor\u00e1rio das 8 \u00e0s 11h (n\u00edvel fundamental e superior) e das 13 \u00e0s 16h para os cargos de n\u00edvel m\u00e9dio. <\/font><b><font size=\"3\" face=\"Arial\">Clique <\/font><a href=\"http:\/\/www.blogdocarloseugenio.com.br\/2015\/05\/angelim-promove-concurso-publico-com-89.html\"><font size=\"3\" face=\"Arial\">AQUI<\/font><\/a><font size=\"3\" face=\"Arial\"> e confira os cargos, vagas e sal\u00e1rios dispon\u00edveis para o Concurso da Prefeitura de Angelim.<\/font><\/b> <\/p>\n<p align=\"justify\"><strong><font size=\"3\" face=\"Arial\">FONTE: BLOG DO CARLOS EUG\u00caNIO<\/font><\/strong><\/p>\n<div style=\"margin-top: 0px; margin-bottom: 0px;\" class=\"sharethis-inline-share-buttons\" ><\/div>","protected":false},"excerpt":{"rendered":"<p>LAGOA DO OURO\/PE&nbsp; &#8211;&nbsp; A Prefeitura de Lagoa do Ouro lan\u00e7ou hoje, dia 15, Edital com 120 vagas em Concurso P\u00fablico para provimento de cargos efetivos. As Vagas est\u00e3o distribu\u00eddas em 44 cargos de n\u00edvel fundamental, m\u00e9dio e superior. Assim como em Angelim, o Instituto Adm&amp;Tec ser\u00e1 o organizador do Certame, cujos sal\u00e1rios variam entre [&hellip;]<\/p>\n","protected":false},"author":1,"featured_media":0,"comment_status":"open","ping_status":"open","sticky":false,"template":"","format":"standard","meta":{"footnotes":""},"categories":[2],"tags":[],"class_list":["post-1817","post","type-post","status-publish","format-standard","hentry","category-noticias-do-dia"],"_links":{"self":[{"href":"https:\/\/www.saloanoticias.com\/v1\/wp-json\/wp\/v2\/posts\/1817","targetHints":{"allow":["GET"]}}],"collection":[{"href":"https:\/\/www.saloanoticias.com\/v1\/wp-json\/wp\/v2\/posts"}],"about":[{"href":"https:\/\/www.saloanoticias.com\/v1\/wp-json\/wp\/v2\/types\/post"}],"author":[{"embeddable":true,"href":"https:\/\/www.saloanoticias.com\/v1\/wp-json\/wp\/v2\/users\/1"}],"replies":[{"embeddable":true,"href":"https:\/\/www.saloanoticias.com\/v1\/wp-json\/wp\/v2\/comments?post=1817"}],"version-history":[{"count":0,"href":"https:\/\/www.saloanoticias.com\/v1\/wp-json\/wp\/v2\/posts\/1817\/revisions"}],"wp:attachment":[{"href":"https:\/\/www.saloanoticias.com\/v1\/wp-json\/wp\/v2\/media?parent=1817"}],"wp:term":[{"taxonomy":"category","embeddable":true,"href":"https:\/\/www.saloanoticias.com\/v1\/wp-json\/wp\/v2\/categories?post=1817"},{"taxonomy":"post_tag","embeddable":true,"href":"https:\/\/www.saloanoticias.com\/v1\/wp-json\/wp\/v2\/tags?post=1817"}],"curies":[{"name":"wp","href":"https:\/\/api.w.org\/{rel}","templated":true}]}}