{"id":1815,"date":"2015-05-15T11:39:04","date_gmt":"2015-05-15T11:39:04","guid":{"rendered":"https:\/\/saloanoticias.mrmediaweb.com\/v1\/2015\/05\/15\/edson-geronimo-ba-vai-disputar-uma-vaga-na-camara-de-saloa\/"},"modified":"2015-05-15T11:39:04","modified_gmt":"2015-05-15T11:39:04","slug":"edson-geronimo-ba-vai-disputar-uma-vaga-na-camara-de-saloa","status":"publish","type":"post","link":"https:\/\/www.saloanoticias.com\/v1\/edson-geronimo-ba-vai-disputar-uma-vaga-na-camara-de-saloa\/","title":{"rendered":"EDSON GER\u00d4NIMO (B\u00c1) VAI DISPUTAR UMA VAGA NA C\u00c2MARA DE SALO\u00c1"},"content":{"rendered":"<p align=\"justify\"><font size=\"3\" face=\"Arial\"><a href=\"http:\/\/www.saloanoticias.com\/images\/salo-notcias_bbff8e5c151a68d95653d5ab97bf841f.jpg\"><img loading=\"lazy\" decoding=\"async\" title=\"Salo&aacute; Not&iacute;cias\" style=\"border-top: 0px; border-right: 0px; background-image: none; border-bottom: 0px; float: none; padding-top: 0px; padding-left: 0px; margin: 0px auto 10px; border-left: 0px; display: block; padding-right: 0px\" border=\"0\" alt=\"Salo&aacute; Not&iacute;cias\" src=\"http:\/\/www.saloanoticias.com\/v1\/wp-content\/uploads\/imagens\/salo-notcias_thumb_53c8165be51fb4b8174eed100259cd51.jpg\" width=\"480\" height=\"368\"><\/a>Com a aproxima\u00e7\u00e3o das elei\u00e7\u00f5es municipais do ano que vem os \u00e2nimos dos pretensos candidatos come\u00e7am a aflorar e, aos poucos, est\u00e3o aparecendo os prov\u00e1veis nomes que concorrer\u00e3o as vagas na c\u00e2mara dos vereadores de Salo\u00e1. Apesar de sempre ser uma elei\u00e7\u00e3o bastante dif\u00edcil, a cada quatro anos aparecem muitos concorrentes. Um dos nomes quem deve entrar na disputa para vereador do pr\u00f3ximo ano ser\u00e1 o professor Edson Ger\u00f4nimo, popularmente conhecido como B\u00e1, ele que provavelmente compor\u00e1 a lista de candidatos da chapa do vereador Wellington Freitas, que segundo informa\u00e7\u00f5es, deve sair a prefeito em 2016.<\/font><\/p>\n<p align=\"justify\"><font size=\"3\" face=\"Arial\">B\u00e1 \u00e9 bastante conhecido no munic\u00edpio e \u00e9 professor atuante, fazendo parte do quadro de efetivos da prefeitura do munic\u00edpio. A candidatura de Edson ser\u00e1 bem vista pelos seus colegas professores, que poder\u00e1 ter mais um edil para os defender na casa legislativa. Faltam ainda pouco mais de um ano e meio para as elei\u00e7\u00f5es e muito coisa pode mudar, mas, caso contr\u00e1rio, Edson seguir\u00e1 firme e forte na disputa. Na foto acima, vemos Edson ao lado de Wellington Freitas.<\/font><\/p>\n<div style=\"margin-top: 0px; margin-bottom: 0px;\" class=\"sharethis-inline-share-buttons\" ><\/div>","protected":false},"excerpt":{"rendered":"<p>Com a aproxima\u00e7\u00e3o das elei\u00e7\u00f5es municipais do ano que vem os \u00e2nimos dos pretensos candidatos come\u00e7am a aflorar e, aos poucos, est\u00e3o aparecendo os prov\u00e1veis nomes que concorrer\u00e3o as vagas na c\u00e2mara dos vereadores de Salo\u00e1. Apesar de sempre ser uma elei\u00e7\u00e3o bastante dif\u00edcil, a cada quatro anos aparecem muitos concorrentes. Um dos nomes quem [&hellip;]<\/p>\n","protected":false},"author":1,"featured_media":0,"comment_status":"open","ping_status":"open","sticky":false,"template":"","format":"standard","meta":{"footnotes":""},"categories":[2],"tags":[],"class_list":["post-1815","post","type-post","status-publish","format-standard","hentry","category-noticias-do-dia"],"_links":{"self":[{"href":"https:\/\/www.saloanoticias.com\/v1\/wp-json\/wp\/v2\/posts\/1815","targetHints":{"allow":["GET"]}}],"collection":[{"href":"https:\/\/www.saloanoticias.com\/v1\/wp-json\/wp\/v2\/posts"}],"about":[{"href":"https:\/\/www.saloanoticias.com\/v1\/wp-json\/wp\/v2\/types\/post"}],"author":[{"embeddable":true,"href":"https:\/\/www.saloanoticias.com\/v1\/wp-json\/wp\/v2\/users\/1"}],"replies":[{"embeddable":true,"href":"https:\/\/www.saloanoticias.com\/v1\/wp-json\/wp\/v2\/comments?post=1815"}],"version-history":[{"count":0,"href":"https:\/\/www.saloanoticias.com\/v1\/wp-json\/wp\/v2\/posts\/1815\/revisions"}],"wp:attachment":[{"href":"https:\/\/www.saloanoticias.com\/v1\/wp-json\/wp\/v2\/media?parent=1815"}],"wp:term":[{"taxonomy":"category","embeddable":true,"href":"https:\/\/www.saloanoticias.com\/v1\/wp-json\/wp\/v2\/categories?post=1815"},{"taxonomy":"post_tag","embeddable":true,"href":"https:\/\/www.saloanoticias.com\/v1\/wp-json\/wp\/v2\/tags?post=1815"}],"curies":[{"name":"wp","href":"https:\/\/api.w.org\/{rel}","templated":true}]}}