{"id":1814,"date":"2015-05-14T17:26:49","date_gmt":"2015-05-14T17:26:49","guid":{"rendered":"https:\/\/saloanoticias.mrmediaweb.com\/v1\/2015\/05\/14\/presbiteriana-comemora-seus-58-anos-em-saloa\/"},"modified":"2015-05-14T17:26:49","modified_gmt":"2015-05-14T17:26:49","slug":"presbiteriana-comemora-seus-58-anos-em-saloa","status":"publish","type":"post","link":"https:\/\/www.saloanoticias.com\/v1\/presbiteriana-comemora-seus-58-anos-em-saloa\/","title":{"rendered":"PRESBITERIANA COMEMORA SEUS 58 ANOS NO MUNIC\u00cdPIO DE SALO\u00c1"},"content":{"rendered":"<p align=\"justify\"><font size=\"3\" face=\"Arial\"><a href=\"http:\/\/www.saloanoticias.com\/images\/dsc_5284.jpg\"><img loading=\"lazy\" decoding=\"async\" title=\"DSC_5284\" style=\"border-top: 0px; border-right: 0px; background-image: none; border-bottom: 0px; float: none; padding-top: 0px; padding-left: 0px; margin: 0px auto 10px; border-left: 0px; display: block; padding-right: 0px\" border=\"0\" alt=\"DSC_5284\" src=\"http:\/\/www.saloanoticias.com\/v1\/wp-content\/uploads\/imagens\/dsc_5284_thumb.jpg\" width=\"571\" height=\"428\"><\/a>A Igreja Presbiteriana de Salo\u00e1, tem a honra de convidar a todos para participarem das festividades de seu 58\u00ba Anivers\u00e1rio, que se realizar\u00e1 nos dias 16 e 17&nbsp; de Maio do corrente ano, \u00e0s 19:00 horas em seu templo situado \u00e0 Pra\u00e7a Agamenon Magalh\u00e3es n\u00ba 39. <\/font><font size=\"3\" face=\"Arial\">No dia 16 haver\u00e1 um momento especial de Louvor com o Grupo Som do Nordeste da IP Planalto Garanhuns, e como pregador o Pastor Jos\u00e9 Ernando Pereira de Vasconcelos da Igreja acima citada e Presidente do Presbit\u00e9rio de Garanhuns.<\/font> <\/p>\n<p align=\"justify\"><a href=\"http:\/\/www.saloanoticias.com\/images\/dsc_5292.jpg\"><img loading=\"lazy\" decoding=\"async\" title=\"DSC_5292\" style=\"border-top: 0px; border-right: 0px; background-image: none; border-bottom: 0px; float: none; padding-top: 0px; padding-left: 0px; margin: 10px auto; border-left: 0px; display: block; padding-right: 0px\" border=\"0\" alt=\"DSC_5292\" src=\"http:\/\/www.saloanoticias.com\/v1\/wp-content\/uploads\/imagens\/dsc_5292_thumb.jpg\" width=\"576\" height=\"418\"><\/a> <\/p>\n<p align=\"justify\"><font size=\"3\" face=\"Arial\">Dia 17 Teremos o Grupo de Louvor da Igreja Presbiteriana Eben\u00e9zer e outros cantores. O pregador ser\u00e1 o Dr. Genaro Braga de Almeida que \u00e9 presb\u00edtero da Assembleia de Deus em Garanhuns. <\/font><font size=\"3\" face=\"Arial\">Venha participar conosco deste momento especial, e seja aben\u00e7oado. <\/font><font size=\"3\" face=\"Arial\">Igreja Presbiteriana de Salo\u00e1, uma Igreja de Portas Abertas para voc\u00ea. Participa\u00e7\u00e3o de v\u00e1rias igrejas de Salo\u00e1. Fonte \u2013 Espa\u00e7o Presbiteriano de Salo\u00e1.<\/font><\/p>\n<div style=\"margin-top: 0px; margin-bottom: 0px;\" class=\"sharethis-inline-share-buttons\" ><\/div>","protected":false},"excerpt":{"rendered":"<p>A Igreja Presbiteriana de Salo\u00e1, tem a honra de convidar a todos para participarem das festividades de seu 58\u00ba Anivers\u00e1rio, que se realizar\u00e1 nos dias 16 e 17&nbsp; de Maio do corrente ano, \u00e0s 19:00 horas em seu templo situado \u00e0 Pra\u00e7a Agamenon Magalh\u00e3es n\u00ba 39. No dia 16 haver\u00e1 um momento especial de Louvor [&hellip;]<\/p>\n","protected":false},"author":1,"featured_media":0,"comment_status":"open","ping_status":"open","sticky":false,"template":"","format":"standard","meta":{"footnotes":""},"categories":[2],"tags":[],"class_list":["post-1814","post","type-post","status-publish","format-standard","hentry","category-noticias-do-dia"],"_links":{"self":[{"href":"https:\/\/www.saloanoticias.com\/v1\/wp-json\/wp\/v2\/posts\/1814","targetHints":{"allow":["GET"]}}],"collection":[{"href":"https:\/\/www.saloanoticias.com\/v1\/wp-json\/wp\/v2\/posts"}],"about":[{"href":"https:\/\/www.saloanoticias.com\/v1\/wp-json\/wp\/v2\/types\/post"}],"author":[{"embeddable":true,"href":"https:\/\/www.saloanoticias.com\/v1\/wp-json\/wp\/v2\/users\/1"}],"replies":[{"embeddable":true,"href":"https:\/\/www.saloanoticias.com\/v1\/wp-json\/wp\/v2\/comments?post=1814"}],"version-history":[{"count":0,"href":"https:\/\/www.saloanoticias.com\/v1\/wp-json\/wp\/v2\/posts\/1814\/revisions"}],"wp:attachment":[{"href":"https:\/\/www.saloanoticias.com\/v1\/wp-json\/wp\/v2\/media?parent=1814"}],"wp:term":[{"taxonomy":"category","embeddable":true,"href":"https:\/\/www.saloanoticias.com\/v1\/wp-json\/wp\/v2\/categories?post=1814"},{"taxonomy":"post_tag","embeddable":true,"href":"https:\/\/www.saloanoticias.com\/v1\/wp-json\/wp\/v2\/tags?post=1814"}],"curies":[{"name":"wp","href":"https:\/\/api.w.org\/{rel}","templated":true}]}}