{"id":1813,"date":"2015-05-14T11:00:00","date_gmt":"2015-05-14T11:00:00","guid":{"rendered":"https:\/\/saloanoticias.mrmediaweb.com\/v1\/2015\/05\/14\/prefeitos-discutem-consorcio-do-lixao\/"},"modified":"2015-05-14T11:00:00","modified_gmt":"2015-05-14T11:00:00","slug":"prefeitos-discutem-consorcio-do-lixao","status":"publish","type":"post","link":"https:\/\/www.saloanoticias.com\/v1\/prefeitos-discutem-consorcio-do-lixao\/","title":{"rendered":"PREFEITOS CONVERSAM SOBRE LIX\u00c3O"},"content":{"rendered":"<p align=\"justify\"><font size=\"3\" face=\"Arial\"><a href=\"http:\/\/www.saloanoticias.com\/images\/salo-n_ee8091e3f86bfcc295abc6a68b7fa7c5.jpg\"><img loading=\"lazy\" decoding=\"async\" title=\"Salo&aacute; N\" style=\"border-left-width: 0px; border-right-width: 0px; background-image: none; border-bottom-width: 0px; float: none; padding-top: 0px; padding-left: 0px; margin: 0px auto 10px; display: block; padding-right: 0px; border-top-width: 0px\" border=\"0\" alt=\"Salo&aacute; N\" src=\"http:\/\/www.saloanoticias.com\/v1\/wp-content\/uploads\/imagens\/salo-n_thumb_c226ac31fefc4a19bc12b0f068e3118a.jpg\" width=\"496\" height=\"411\"><\/a>O Prefeito de Iati, Padre Jorge, juntamente com os Prefeitos dos munic\u00edpios de \u00c1guas Belas (Genivaldo Menezes); Bom Conselho (Danillo Godoy) e Salo\u00e1 (Ricardo Alves) visitaram o Aterro Sanit\u00e1rio de Iati, que vem sendo preparado pela Prefeitura, mas, com recursos do FEM. Os referidos prefeitos discutem a forma\u00e7\u00e3o de um cons\u00f3rcio intermunicipal que possa beneficiar os <\/font><\/p>\n<p align=\"justify\"><font size=\"3\" face=\"Arial\"><\/font>&nbsp;<\/p>\n<p align=\"justify\"><font size=\"3\" face=\"Arial\"><\/font>&nbsp;<\/p>\n<p align=\"justify\"><font size=\"3\" face=\"Arial\">munic\u00edpios da regi\u00e3o. Isso, sendo concretizado, as cidades pr\u00f3ximas a Iati, estar\u00e3o obedecendo a Lei de Res\u00edduos S\u00f3lidos. Fonte: Blog do Cl\u00e1udio Andr\u00e9 O Poeta.<\/font><\/p>\n<div style=\"margin-top: 0px; margin-bottom: 0px;\" class=\"sharethis-inline-share-buttons\" ><\/div>","protected":false},"excerpt":{"rendered":"<p>O Prefeito de Iati, Padre Jorge, juntamente com os Prefeitos dos munic\u00edpios de \u00c1guas Belas (Genivaldo Menezes); Bom Conselho (Danillo Godoy) e Salo\u00e1 (Ricardo Alves) visitaram o Aterro Sanit\u00e1rio de Iati, que vem sendo preparado pela Prefeitura, mas, com recursos do FEM. Os referidos prefeitos discutem a forma\u00e7\u00e3o de um cons\u00f3rcio intermunicipal que possa beneficiar [&hellip;]<\/p>\n","protected":false},"author":1,"featured_media":0,"comment_status":"open","ping_status":"open","sticky":false,"template":"","format":"standard","meta":{"footnotes":""},"categories":[2],"tags":[],"class_list":["post-1813","post","type-post","status-publish","format-standard","hentry","category-noticias-do-dia"],"_links":{"self":[{"href":"https:\/\/www.saloanoticias.com\/v1\/wp-json\/wp\/v2\/posts\/1813","targetHints":{"allow":["GET"]}}],"collection":[{"href":"https:\/\/www.saloanoticias.com\/v1\/wp-json\/wp\/v2\/posts"}],"about":[{"href":"https:\/\/www.saloanoticias.com\/v1\/wp-json\/wp\/v2\/types\/post"}],"author":[{"embeddable":true,"href":"https:\/\/www.saloanoticias.com\/v1\/wp-json\/wp\/v2\/users\/1"}],"replies":[{"embeddable":true,"href":"https:\/\/www.saloanoticias.com\/v1\/wp-json\/wp\/v2\/comments?post=1813"}],"version-history":[{"count":0,"href":"https:\/\/www.saloanoticias.com\/v1\/wp-json\/wp\/v2\/posts\/1813\/revisions"}],"wp:attachment":[{"href":"https:\/\/www.saloanoticias.com\/v1\/wp-json\/wp\/v2\/media?parent=1813"}],"wp:term":[{"taxonomy":"category","embeddable":true,"href":"https:\/\/www.saloanoticias.com\/v1\/wp-json\/wp\/v2\/categories?post=1813"},{"taxonomy":"post_tag","embeddable":true,"href":"https:\/\/www.saloanoticias.com\/v1\/wp-json\/wp\/v2\/tags?post=1813"}],"curies":[{"name":"wp","href":"https:\/\/api.w.org\/{rel}","templated":true}]}}