{"id":1812,"date":"2015-05-12T23:25:15","date_gmt":"2015-05-12T23:25:15","guid":{"rendered":"https:\/\/saloanoticias.mrmediaweb.com\/v1\/2015\/05\/12\/vereador-de-sao-joao-acaba-de-ser-assassinado\/"},"modified":"2015-05-12T23:25:15","modified_gmt":"2015-05-12T23:25:15","slug":"vereador-de-sao-joao-acaba-de-ser-assassinado","status":"publish","type":"post","link":"https:\/\/www.saloanoticias.com\/v1\/vereador-de-sao-joao-acaba-de-ser-assassinado\/","title":{"rendered":"VEREADOR DE S\u00c3O JO\u00c3O\/PE ACABA DE SER ASSASSINADO NA FRENTE DA PREFEITURA"},"content":{"rendered":"<p align=\"justify\"><font size=\"3\" face=\"Arial\"><a href=\"http:\/\/www.saloanoticias.com\/images\/salo-n_f55b4e6517bcca2d564267c1c312f550.jpg\"><img loading=\"lazy\" decoding=\"async\" title=\"Salo&aacute; N\" style=\"border-top: 0px; border-right: 0px; background-image: none; border-bottom: 0px; float: left; padding-top: 0px; padding-left: 0px; margin: 5px 5px 0px 0px; border-left: 0px; display: inline; padding-right: 0px\" border=\"0\" alt=\"Salo&aacute; N\" src=\"http:\/\/www.saloanoticias.com\/v1\/wp-content\/uploads\/imagens\/salo-n_thumb_15d15f69a7994e161339109aa080d7a4.jpg\" width=\"273\" align=\"left\" height=\"205\"><\/a>Chegou a reda\u00e7\u00e3o deste blog, que o vereador <\/font><font size=\"3\" face=\"Arial\">Reginaldo Falc\u00e3o (PRTB), o popular Galo, foi assassinado a tiros por volta das 18h de hoje, ter\u00e7a-feira, 12 de maio, defronte a Prefeitura daquela cidade. Informa\u00e7\u00f5es preliminares d\u00e3o conta que os assassinos estavam em um ve\u00edculo de cor branca. <\/font><font size=\"3\" face=\"Arial\">Galo tinha 44 anos e estava em seu segundo mandato de Vereador. Ele j\u00e1 presidiu a C\u00e2mara de S\u00e3o Jo\u00e3o. O Parlamentar era casado. Esse \u00e9 o 6\u00ba assassinato registrado em S\u00e3o Jo\u00e3o neste ano.<\/font><\/p>\n<p align=\"justify\"><font size=\"3\" face=\"Arial\">No Munic\u00edpio, o panorama \u00e9 de consterna\u00e7\u00e3o, j\u00e1 que o vereador tinha muitos amigos e era querido pela popula\u00e7\u00e3o. A Pol\u00edcia realiza dilig\u00eancias para capturar os criminosos. Mais informa\u00e7\u00f5es a qualquer momento. Com informa\u00e7\u00f5es do Blog do Carlos Eug\u00eanio.<\/font><\/p>\n<div style=\"margin-top: 0px; margin-bottom: 0px;\" class=\"sharethis-inline-share-buttons\" ><\/div>","protected":false},"excerpt":{"rendered":"<p>Chegou a reda\u00e7\u00e3o deste blog, que o vereador Reginaldo Falc\u00e3o (PRTB), o popular Galo, foi assassinado a tiros por volta das 18h de hoje, ter\u00e7a-feira, 12 de maio, defronte a Prefeitura daquela cidade. Informa\u00e7\u00f5es preliminares d\u00e3o conta que os assassinos estavam em um ve\u00edculo de cor branca. Galo tinha 44 anos e estava em seu [&hellip;]<\/p>\n","protected":false},"author":1,"featured_media":0,"comment_status":"open","ping_status":"open","sticky":false,"template":"","format":"standard","meta":{"footnotes":""},"categories":[2],"tags":[],"class_list":["post-1812","post","type-post","status-publish","format-standard","hentry","category-noticias-do-dia"],"_links":{"self":[{"href":"https:\/\/www.saloanoticias.com\/v1\/wp-json\/wp\/v2\/posts\/1812","targetHints":{"allow":["GET"]}}],"collection":[{"href":"https:\/\/www.saloanoticias.com\/v1\/wp-json\/wp\/v2\/posts"}],"about":[{"href":"https:\/\/www.saloanoticias.com\/v1\/wp-json\/wp\/v2\/types\/post"}],"author":[{"embeddable":true,"href":"https:\/\/www.saloanoticias.com\/v1\/wp-json\/wp\/v2\/users\/1"}],"replies":[{"embeddable":true,"href":"https:\/\/www.saloanoticias.com\/v1\/wp-json\/wp\/v2\/comments?post=1812"}],"version-history":[{"count":0,"href":"https:\/\/www.saloanoticias.com\/v1\/wp-json\/wp\/v2\/posts\/1812\/revisions"}],"wp:attachment":[{"href":"https:\/\/www.saloanoticias.com\/v1\/wp-json\/wp\/v2\/media?parent=1812"}],"wp:term":[{"taxonomy":"category","embeddable":true,"href":"https:\/\/www.saloanoticias.com\/v1\/wp-json\/wp\/v2\/categories?post=1812"},{"taxonomy":"post_tag","embeddable":true,"href":"https:\/\/www.saloanoticias.com\/v1\/wp-json\/wp\/v2\/tags?post=1812"}],"curies":[{"name":"wp","href":"https:\/\/api.w.org\/{rel}","templated":true}]}}