{"id":1810,"date":"2015-05-12T11:00:00","date_gmt":"2015-05-12T11:00:00","guid":{"rendered":"https:\/\/saloanoticias.mrmediaweb.com\/v1\/2015\/05\/12\/comeca-campanha-mensal-de-oracao-pelas-familias\/"},"modified":"2015-05-12T11:00:00","modified_gmt":"2015-05-12T11:00:00","slug":"comeca-campanha-mensal-de-oracao-pelas-familias","status":"publish","type":"post","link":"https:\/\/www.saloanoticias.com\/v1\/comeca-campanha-mensal-de-oracao-pelas-familias\/","title":{"rendered":"LIGA DAS IGREJAS EVANG\u00c9LICAS D\u00c1 IN\u00cdCIO A CAMPANHA DE ORA\u00c7\u00c3O PELAS FAM\u00cdLIAS"},"content":{"rendered":"<p align=\"justify\"><font size=\"3\" face=\"Arial\"><a href=\"http:\/\/www.saloanoticias.com\/images\/salo-notcias-10_290aa9db337bf7f2fb9ccdcd65673f06.jpg\"><img loading=\"lazy\" decoding=\"async\" title=\"Salo&aacute; Not&iacute;cias 10\" style=\"border-top: 0px; border-right: 0px; background-image: none; border-bottom: 0px; float: none; padding-top: 0px; padding-left: 0px; margin: 0px auto 10px; border-left: 0px; display: block; padding-right: 0px\" border=\"0\" alt=\"Salo&aacute; Not&iacute;cias 10\" src=\"http:\/\/www.saloanoticias.com\/v1\/wp-content\/uploads\/imagens\/salo-notcias-10_thumb_bd4c887ff65e258cce3069ac2c14589e.jpg\" width=\"505\" height=\"322\"><\/a>Come\u00e7ou na noite do \u00faltimo s\u00e1bado, 09 de maio de 2015, a campanha de ora\u00e7\u00e3o pelas fam\u00edlias apoiada pela LIESA \u2013 Liga das Igrejas Evang\u00e9licas de Salo\u00e1. Ser\u00e3o trinta dias de intercess\u00e3o pelos lares de todo o munic\u00edpio. O culto de abertura do projeto aconteceu no templo sede da IPB&nbsp; &#8211;&nbsp; Igreja Presbiteriana no Brasil, filial de Salo\u00e1 e, contou com dezenas de irm\u00e3os de v\u00e1rias denomina\u00e7\u00f5es religiosas. Entre os presentes estiveram os crentes da IBB&nbsp; &#8211;&nbsp; Igreja Batista Betesda que \u00e9 pastoreada pela irm\u00e3 Isabel Alves, os irm\u00e3os da ICPB&nbsp; &#8211;&nbsp; Igreja de Cristo Pentecostal no Brasil do Mission\u00e1rio Anderson Silva, al\u00e9m de outras igrejas.<\/font><\/p>\n<p align=\"justify\"><font size=\"3\" face=\"Arial\">A campanha segue normalmente nas igrejas e no dia 23\/05, a reuni\u00e3o acontece nas depend\u00eancias da Batista Betesda. Participe voc\u00ea e sua fam\u00edlia tamb\u00e9m destes cultos de ora\u00e7\u00e3o. Ore, Divulgue e Participe, pois, com certeza Deus tem uma palavra para voc\u00ea.<\/font><\/p>\n<div style=\"margin-top: 0px; margin-bottom: 0px;\" class=\"sharethis-inline-share-buttons\" ><\/div>","protected":false},"excerpt":{"rendered":"<p>Come\u00e7ou na noite do \u00faltimo s\u00e1bado, 09 de maio de 2015, a campanha de ora\u00e7\u00e3o pelas fam\u00edlias apoiada pela LIESA \u2013 Liga das Igrejas Evang\u00e9licas de Salo\u00e1. Ser\u00e3o trinta dias de intercess\u00e3o pelos lares de todo o munic\u00edpio. O culto de abertura do projeto aconteceu no templo sede da IPB&nbsp; &#8211;&nbsp; Igreja Presbiteriana no Brasil, [&hellip;]<\/p>\n","protected":false},"author":1,"featured_media":0,"comment_status":"open","ping_status":"open","sticky":false,"template":"","format":"standard","meta":{"footnotes":""},"categories":[2],"tags":[],"class_list":["post-1810","post","type-post","status-publish","format-standard","hentry","category-noticias-do-dia"],"_links":{"self":[{"href":"https:\/\/www.saloanoticias.com\/v1\/wp-json\/wp\/v2\/posts\/1810","targetHints":{"allow":["GET"]}}],"collection":[{"href":"https:\/\/www.saloanoticias.com\/v1\/wp-json\/wp\/v2\/posts"}],"about":[{"href":"https:\/\/www.saloanoticias.com\/v1\/wp-json\/wp\/v2\/types\/post"}],"author":[{"embeddable":true,"href":"https:\/\/www.saloanoticias.com\/v1\/wp-json\/wp\/v2\/users\/1"}],"replies":[{"embeddable":true,"href":"https:\/\/www.saloanoticias.com\/v1\/wp-json\/wp\/v2\/comments?post=1810"}],"version-history":[{"count":0,"href":"https:\/\/www.saloanoticias.com\/v1\/wp-json\/wp\/v2\/posts\/1810\/revisions"}],"wp:attachment":[{"href":"https:\/\/www.saloanoticias.com\/v1\/wp-json\/wp\/v2\/media?parent=1810"}],"wp:term":[{"taxonomy":"category","embeddable":true,"href":"https:\/\/www.saloanoticias.com\/v1\/wp-json\/wp\/v2\/categories?post=1810"},{"taxonomy":"post_tag","embeddable":true,"href":"https:\/\/www.saloanoticias.com\/v1\/wp-json\/wp\/v2\/tags?post=1810"}],"curies":[{"name":"wp","href":"https:\/\/api.w.org\/{rel}","templated":true}]}}