{"id":1809,"date":"2015-05-13T17:00:00","date_gmt":"2015-05-13T17:00:00","guid":{"rendered":"https:\/\/saloanoticias.mrmediaweb.com\/v1\/2015\/05\/13\/prefeitura-destina-um-trator-para-o-catimbau\/"},"modified":"2015-05-13T17:00:00","modified_gmt":"2015-05-13T17:00:00","slug":"prefeitura-destina-um-trator-para-o-catimbau","status":"publish","type":"post","link":"https:\/\/www.saloanoticias.com\/v1\/prefeitura-destina-um-trator-para-o-catimbau\/","title":{"rendered":"RICARDO ALVES DESTINA UM TRATOR PARA O S\u00cdTIO CATIMBAU"},"content":{"rendered":"<p align=\"justify\"><font size=\"3\" face=\"Arial\"><a href=\"http:\/\/www.saloanoticias.com\/images\/salo-n_0c18b050c91092cfa33b4ec04c418284.jpg\"><img loading=\"lazy\" decoding=\"async\" title=\"Salo&aacute; N\" style=\"border-top: 0px; border-right: 0px; background-image: none; border-bottom: 0px; float: none; padding-top: 0px; padding-left: 0px; margin: 0px auto 10px; border-left: 0px; display: block; padding-right: 0px\" border=\"0\" alt=\"Salo&aacute; N\" src=\"http:\/\/www.saloanoticias.com\/v1\/wp-content\/uploads\/imagens\/salo-n_thumb_92400370991071ef437a60cfc428be0b.jpg\" width=\"598\" height=\"448\"><\/a>Depois de ser cobrado pelos moradores do s\u00edtio Catimbau sobre a quest\u00e3o de tratores para ara\u00e7\u00e3o de terras dos agricultores da comunidade, o prefeito de Salo\u00e1 n\u00e3o perdeu tempo e, j\u00e1 enviou um trator com grades para ficar a disposi\u00e7\u00e3o do povo. Logo que come\u00e7ou a audi\u00eancia, o Sr. Paizinho, falou sobre o assunto e o gestor de imediato, apontou para fora da escola do Vale do Catimbau e disse que um trator j\u00e1 estava na porta pronto para servir a todos.<\/font><\/p>\n<p align=\"justify\"><a href=\"http:\/\/www.saloanoticias.com\/images\/salo-notcias-10_117db6466e015d8005749552eb5ff06a.jpg\"><img loading=\"lazy\" decoding=\"async\" title=\"Salo&aacute; Not&iacute;cias 10\" style=\"border-top: 0px; border-right: 0px; background-image: none; border-bottom: 0px; float: none; padding-top: 0px; padding-left: 0px; margin: 10px auto; border-left: 0px; display: block; padding-right: 0px\" border=\"0\" alt=\"Salo&aacute; Not&iacute;cias 10\" src=\"http:\/\/www.saloanoticias.com\/v1\/wp-content\/uploads\/imagens\/salo-notcias-10_thumb_4231f70f329f46ef541b76b9aaadc95d.jpg\" width=\"597\" height=\"448\"><\/a><\/p>\n<p align=\"justify\"><font size=\"3\" face=\"Arial\">Ricardo fez quest\u00e3o de informar que a m\u00e1quina foi adquirida atrav\u00e9s do governo do estado e que ficar\u00e1 a disposi\u00e7\u00e3o de todo o munic\u00edpio, mas \u00e9 prioridade o Catimbau, j\u00e1 que \u00e9 uma das regi\u00f5es mais produtivas. Todos os presentes na reuni\u00e3o ficaram bastante satisfeitos com a a\u00e7\u00e3o e aplaudiram a equipe de governo. Segundo um morador que estava presente, \u201cN\u00f3s pag\u00e1vamos R$ 100,00 (cem reais) por hora de trator e agora vamos ter um de gra\u00e7a para podermos trabalhar\u201d.<\/font><\/p>\n<p align=\"justify\"><a href=\"http:\/\/www.saloanoticias.com\/images\/salo-notcias_ae07c0685758c2fcf00a4c235a80449a.jpg\"><img loading=\"lazy\" decoding=\"async\" title=\"Salo&aacute; Not&iacute;cias\" style=\"border-top: 0px; border-right: 0px; background-image: none; border-bottom: 0px; float: none; padding-top: 0px; padding-left: 0px; margin: 10px auto; border-left: 0px; display: block; padding-right: 0px\" border=\"0\" alt=\"Salo&aacute; Not&iacute;cias\" src=\"http:\/\/www.saloanoticias.com\/v1\/wp-content\/uploads\/imagens\/salo-notcias_thumb_e666d8129965c7b4ff152e195e524b1c.jpg\" width=\"596\" height=\"447\"><\/a><\/p>\n<p align=\"justify\"><font size=\"3\" face=\"Arial\">Com a\u00e7\u00f5es como estas a prefeitura de Salo\u00e1 demonstra que quer fazer mais pela popula\u00e7\u00e3o e sabe, que o caminho \u00e9 ir nas comunidades, saber do que o povo necessita.<\/font><\/p>\n<div style=\"margin-top: 0px; margin-bottom: 0px;\" class=\"sharethis-inline-share-buttons\" ><\/div>","protected":false},"excerpt":{"rendered":"<p>Depois de ser cobrado pelos moradores do s\u00edtio Catimbau sobre a quest\u00e3o de tratores para ara\u00e7\u00e3o de terras dos agricultores da comunidade, o prefeito de Salo\u00e1 n\u00e3o perdeu tempo e, j\u00e1 enviou um trator com grades para ficar a disposi\u00e7\u00e3o do povo. Logo que come\u00e7ou a audi\u00eancia, o Sr. Paizinho, falou sobre o assunto e [&hellip;]<\/p>\n","protected":false},"author":1,"featured_media":0,"comment_status":"open","ping_status":"open","sticky":false,"template":"","format":"standard","meta":{"footnotes":""},"categories":[2],"tags":[],"class_list":["post-1809","post","type-post","status-publish","format-standard","hentry","category-noticias-do-dia"],"_links":{"self":[{"href":"https:\/\/www.saloanoticias.com\/v1\/wp-json\/wp\/v2\/posts\/1809","targetHints":{"allow":["GET"]}}],"collection":[{"href":"https:\/\/www.saloanoticias.com\/v1\/wp-json\/wp\/v2\/posts"}],"about":[{"href":"https:\/\/www.saloanoticias.com\/v1\/wp-json\/wp\/v2\/types\/post"}],"author":[{"embeddable":true,"href":"https:\/\/www.saloanoticias.com\/v1\/wp-json\/wp\/v2\/users\/1"}],"replies":[{"embeddable":true,"href":"https:\/\/www.saloanoticias.com\/v1\/wp-json\/wp\/v2\/comments?post=1809"}],"version-history":[{"count":0,"href":"https:\/\/www.saloanoticias.com\/v1\/wp-json\/wp\/v2\/posts\/1809\/revisions"}],"wp:attachment":[{"href":"https:\/\/www.saloanoticias.com\/v1\/wp-json\/wp\/v2\/media?parent=1809"}],"wp:term":[{"taxonomy":"category","embeddable":true,"href":"https:\/\/www.saloanoticias.com\/v1\/wp-json\/wp\/v2\/categories?post=1809"},{"taxonomy":"post_tag","embeddable":true,"href":"https:\/\/www.saloanoticias.com\/v1\/wp-json\/wp\/v2\/tags?post=1809"}],"curies":[{"name":"wp","href":"https:\/\/api.w.org\/{rel}","templated":true}]}}