{"id":1808,"date":"2015-05-13T11:00:00","date_gmt":"2015-05-13T11:00:00","guid":{"rendered":"https:\/\/saloanoticias.mrmediaweb.com\/v1\/2015\/05\/13\/saiba-como-foi-a-audiencia-publica-no-catimbau\/"},"modified":"2015-05-13T11:00:00","modified_gmt":"2015-05-13T11:00:00","slug":"saiba-como-foi-a-audiencia-publica-no-catimbau","status":"publish","type":"post","link":"https:\/\/www.saloanoticias.com\/v1\/saiba-como-foi-a-audiencia-publica-no-catimbau\/","title":{"rendered":"SAIBA COMO FOI A AUDI\u00caNCIA P\u00daBLICA NO CATIMBAU REALIZADA NO S\u00c1BADO (9)"},"content":{"rendered":"<p align=\"justify\"><font size=\"3\" face=\"Arial\"><a href=\"http:\/\/www.saloanoticias.com\/images\/11038388_838827519516150_6917030251681984841_n.jpg\"><img loading=\"lazy\" decoding=\"async\" title=\"11038388_838827519516150_6917030251681984841_n\" style=\"border-left-width: 0px; border-right-width: 0px; background-image: none; border-bottom-width: 0px; float: none; padding-top: 0px; padding-left: 0px; margin: 0px auto 10px; display: block; padding-right: 0px; border-top-width: 0px\" border=\"0\" alt=\"11038388_838827519516150_6917030251681984841_n\" src=\"http:\/\/www.saloanoticias.com\/v1\/wp-content\/uploads\/imagens\/11038388_838827519516150_6917030251681984841_n_thumb.jpg\" width=\"551\" height=\"388\"><\/a>A audi\u00eancia p\u00fablica promovida na manh\u00e3 de s\u00e1bado, dia 9 de maio de 2015, contou com a presen\u00e7a de centenas de moradores das comunidades do Catimbau de Baixo, do Meio e de Cima e foi bastante movimentada. Os trabalhos foram abertos pelo locutor Wando Pontes que logo em seguida passou a palavra ao prefeito Ricardo que agradeceu a presen\u00e7a de todos. V\u00e1rias pessoas indagaram o gestor e seus secret\u00e1rios sobre a quest\u00e3o da \u00e1gua, que at\u00e9 mesmo no Catimbau est\u00e1 escassa, j\u00e1 que \u00e9 uma das regi\u00f5es mais ricas do l\u00edquido no munic\u00edpio.<\/font><\/p>\n<p align=\"justify\"><a href=\"http:\/\/www.saloanoticias.com\/images\/salo-n_600339b3492cd3d5fdcdf22740328025.jpg\"><img loading=\"lazy\" decoding=\"async\" title=\"Salo&aacute; N\" style=\"border-left-width: 0px; border-right-width: 0px; background-image: none; border-bottom-width: 0px; float: none; padding-top: 0px; padding-left: 0px; margin: 10px auto; display: block; padding-right: 0px; border-top-width: 0px\" border=\"0\" alt=\"Salo&aacute; N\" src=\"http:\/\/www.saloanoticias.com\/v1\/wp-content\/uploads\/imagens\/salo-n_thumb_aaaa47b7cb7ebb7cea5c1938391553cb.jpg\" width=\"548\" height=\"400\"><\/a><\/p>\n<p align=\"justify\"><font size=\"3\" face=\"Arial\">O prefeito se comprometeu em resolver o problema em um curto espa\u00e7o de tempo, e j\u00e1 deu ordem de servi\u00e7o aos respons\u00e1veis para utilizar os recursos da prefeitura para isso. Outra reivindica\u00e7\u00e3o da popula\u00e7\u00e3o foi sobre o envio de um trator para ara\u00e7\u00e3o das terras, o que foi de pronto resolvido pelo prefeito, j\u00e1 que levou no s\u00e1bado mesmo, um trator cedido pelo governo do estado que vai ficar a disposi\u00e7\u00e3o dos agricultores do Catimbau. Outra quest\u00e3o abordada pelos moradores foi sobre a quest\u00e3o do desmatamento desenfreado da Mata do Catimbau, que pode provocar ainda mais a escassez das nascentes.<\/font><\/p>\n<p align=\"justify\"><a href=\"http:\/\/www.saloanoticias.com\/images\/11021519_838828262849409_7590169566504464744_n.jpg\"><img loading=\"lazy\" decoding=\"async\" title=\"11021519_838828262849409_7590169566504464744_n\" style=\"border-left-width: 0px; border-right-width: 0px; background-image: none; border-bottom-width: 0px; float: none; padding-top: 0px; padding-left: 0px; margin: 10px auto; display: block; padding-right: 0px; border-top-width: 0px\" border=\"0\" alt=\"11021519_838828262849409_7590169566504464744_n\" src=\"http:\/\/www.saloanoticias.com\/v1\/wp-content\/uploads\/imagens\/11021519_838828262849409_7590169566504464744_n_thumb.jpg\" width=\"552\" height=\"382\"><\/a><\/p>\n<p align=\"justify\"><font size=\"3\" face=\"Arial\">Usaram da palavra os vereadores Ronaldinho (PSDB) e Izenilda Brand\u00e3o (PSDB) que defenderam uma a\u00e7\u00e3o r\u00e1pida sobre a quest\u00e3o do abastecimento d\u2019\u00e1gua. Participaram ainda os l\u00edderes comunit\u00e1rios Paulo da \u00c1gua, que \u00e9 ex-vereador, Z\u00e9 de Jovem, o ex-vereador Joseildo, Beto do Catimbau e v\u00e1rios outros, todos em defesa da sua comunidade. <\/font><font size=\"3\" face=\"Arial\">Ricardo finalizou agradecendo mais uma vez aos presentes e em seguida foi servido um grande almo\u00e7o.<\/font><\/p>\n<p align=\"justify\"><font size=\"3\" face=\"Arial\">Essa foi a segunda audi\u00eancia p\u00fablica realizada no munic\u00edpio promovida pela prefeitura municipal. Segundo assessores da administra\u00e7\u00e3o, haver\u00e3o pelo menos mais tr\u00eas dessas nas comunidades de Serrinha da Prata, Iatec\u00e1 e Gigante. A primeira aconteceu no bairro Jos\u00e9 Alves Bezerra, a Cohab Nova. <\/font><font size=\"3\" face=\"Arial\">Confira abaixo fotografias do evento.<\/font><\/p>\n<p align=\"justify\"><font size=\"3\" face=\"Arial\"><a href=\"http:\/\/www.saloanoticias.com\/images\/salo-notcias_3a7631fee2594f0831b1b91dc007ddfa.jpg\"><img loading=\"lazy\" decoding=\"async\" title=\"Salo&aacute; Not&iacute;cias\" style=\"border-left-width: 0px; border-right-width: 0px; background-image: none; border-bottom-width: 0px; float: none; padding-top: 0px; padding-left: 0px; margin: 10px auto; display: block; padding-right: 0px; border-top-width: 0px\" border=\"0\" alt=\"Salo&aacute; Not&iacute;cias\" src=\"http:\/\/www.saloanoticias.com\/v1\/wp-content\/uploads\/imagens\/salo-notcias_thumb_242faf5f934a8bccab6498b75677cbd8.jpg\" width=\"551\" height=\"342\"><\/a><\/font><\/p>\n<p align=\"justify\"><font size=\"3\" face=\"Arial\"><a href=\"http:\/\/www.saloanoticias.com\/images\/11214122_838827612849474_5154559964698571359_n.jpg\"><img loading=\"lazy\" decoding=\"async\" title=\"11214122_838827612849474_5154559964698571359_n\" style=\"border-left-width: 0px; border-right-width: 0px; background-image: none; border-bottom-width: 0px; float: none; padding-top: 0px; padding-left: 0px; margin: 10px auto; display: block; padding-right: 0px; border-top-width: 0px\" border=\"0\" alt=\"11214122_838827612849474_5154559964698571359_n\" src=\"http:\/\/www.saloanoticias.com\/v1\/wp-content\/uploads\/imagens\/11214122_838827612849474_5154559964698571359_n_thumb.jpg\" width=\"551\" height=\"413\"><\/a><\/font><\/p>\n<p align=\"justify\"><font size=\"3\" face=\"Arial\"><a href=\"http:\/\/www.saloanoticias.com\/images\/11218519_838827852849450_7556801553287451875_n.jpg\"><img loading=\"lazy\" decoding=\"async\" title=\"11218519_838827852849450_7556801553287451875_n\" style=\"border-left-width: 0px; border-right-width: 0px; background-image: none; border-bottom-width: 0px; float: none; padding-top: 0px; padding-left: 0px; margin: 10px auto; display: block; padding-right: 0px; border-top-width: 0px\" border=\"0\" alt=\"11218519_838827852849450_7556801553287451875_n\" src=\"http:\/\/www.saloanoticias.com\/v1\/wp-content\/uploads\/imagens\/11218519_838827852849450_7556801553287451875_n_thumb.jpg\" width=\"552\" height=\"414\"><\/a><\/font><\/p>\n<div style=\"margin-top: 0px; margin-bottom: 0px;\" class=\"sharethis-inline-share-buttons\" ><\/div>","protected":false},"excerpt":{"rendered":"<p>A audi\u00eancia p\u00fablica promovida na manh\u00e3 de s\u00e1bado, dia 9 de maio de 2015, contou com a presen\u00e7a de centenas de moradores das comunidades do Catimbau de Baixo, do Meio e de Cima e foi bastante movimentada. Os trabalhos foram abertos pelo locutor Wando Pontes que logo em seguida passou a palavra ao prefeito Ricardo [&hellip;]<\/p>\n","protected":false},"author":1,"featured_media":0,"comment_status":"open","ping_status":"open","sticky":false,"template":"","format":"standard","meta":{"footnotes":""},"categories":[2],"tags":[],"class_list":["post-1808","post","type-post","status-publish","format-standard","hentry","category-noticias-do-dia"],"_links":{"self":[{"href":"https:\/\/www.saloanoticias.com\/v1\/wp-json\/wp\/v2\/posts\/1808","targetHints":{"allow":["GET"]}}],"collection":[{"href":"https:\/\/www.saloanoticias.com\/v1\/wp-json\/wp\/v2\/posts"}],"about":[{"href":"https:\/\/www.saloanoticias.com\/v1\/wp-json\/wp\/v2\/types\/post"}],"author":[{"embeddable":true,"href":"https:\/\/www.saloanoticias.com\/v1\/wp-json\/wp\/v2\/users\/1"}],"replies":[{"embeddable":true,"href":"https:\/\/www.saloanoticias.com\/v1\/wp-json\/wp\/v2\/comments?post=1808"}],"version-history":[{"count":0,"href":"https:\/\/www.saloanoticias.com\/v1\/wp-json\/wp\/v2\/posts\/1808\/revisions"}],"wp:attachment":[{"href":"https:\/\/www.saloanoticias.com\/v1\/wp-json\/wp\/v2\/media?parent=1808"}],"wp:term":[{"taxonomy":"category","embeddable":true,"href":"https:\/\/www.saloanoticias.com\/v1\/wp-json\/wp\/v2\/categories?post=1808"},{"taxonomy":"post_tag","embeddable":true,"href":"https:\/\/www.saloanoticias.com\/v1\/wp-json\/wp\/v2\/tags?post=1808"}],"curies":[{"name":"wp","href":"https:\/\/api.w.org\/{rel}","templated":true}]}}