{"id":1807,"date":"2015-05-10T20:00:00","date_gmt":"2015-05-10T20:00:00","guid":{"rendered":"https:\/\/saloanoticias.mrmediaweb.com\/v1\/2015\/05\/10\/catolicos-de-saloa-realizam-2-luau\/"},"modified":"2015-05-10T20:00:00","modified_gmt":"2015-05-10T20:00:00","slug":"catolicos-de-saloa-realizam-2-luau","status":"publish","type":"post","link":"https:\/\/www.saloanoticias.com\/v1\/catolicos-de-saloa-realizam-2-luau\/","title":{"rendered":"CAT\u00d3LICOS DE SALO\u00c1 REALIZAM 2\u00ba LUAU"},"content":{"rendered":"<p align=\"justify\"><font size=\"3\" face=\"Arial\"><a href=\"http:\/\/www.saloanoticias.com\/images\/salo-notcias-10.jpg\"><img loading=\"lazy\" decoding=\"async\" title=\"Salo&aacute; Not&iacute;cias 10\" style=\"border-top: 0px; border-right: 0px; background-image: none; border-bottom: 0px; float: none; padding-top: 0px; padding-left: 0px; margin: 0px auto 10px; border-left: 0px; display: block; padding-right: 0px\" border=\"0\" alt=\"Salo&aacute; Not&iacute;cias 10\" src=\"http:\/\/www.saloanoticias.com\/v1\/wp-content\/uploads\/imagens\/salo-notcias-10_thumb.jpg\" width=\"530\" height=\"398\"><\/a>A comunidade Cat\u00f3lica de Salo\u00e1, atrav\u00e9s da par\u00f3quia de S\u00e3o Vicente de Paulo, realizou mais um luau na pra\u00e7a S\u00e3o Vicente, defronte a sede da igreja. Foram momentos de adora\u00e7\u00e3o e exalta\u00e7\u00e3o a Deus. O evento contou com a participa\u00e7\u00e3o dos jovens e da Banda Kair\u00f3s, que \u00e9 formada totalmente por cat\u00f3licos saloaenses. Esta \u00e9 a segunda edi\u00e7\u00e3o do luau que conta mais uma vez com o apoio do p\u00e1roco local, Adriano Santos. Abaixo as imagens do evento. Fotos retiradas do Facebook de&nbsp; Cleia Diniz.<\/font><\/p>\n<p align=\"justify\"><a href=\"http:\/\/www.saloanoticias.com\/images\/11078133_839121836153385_4666862277607644048_n.jpg\"><img loading=\"lazy\" decoding=\"async\" title=\"11078133_839121836153385_4666862277607644048_n\" style=\"border-top: 0px; border-right: 0px; background-image: none; border-bottom: 0px; float: none; padding-top: 0px; padding-left: 0px; margin: 10px auto; border-left: 0px; display: block; padding-right: 0px\" border=\"0\" alt=\"11078133_839121836153385_4666862277607644048_n\" src=\"http:\/\/www.saloanoticias.com\/v1\/wp-content\/uploads\/imagens\/11078133_839121836153385_4666862277607644048_n_thumb.jpg\" width=\"536\" height=\"402\"><\/a><\/p>\n<div style=\"margin-top: 0px; margin-bottom: 0px;\" class=\"sharethis-inline-share-buttons\" ><\/div>","protected":false},"excerpt":{"rendered":"<p>A comunidade Cat\u00f3lica de Salo\u00e1, atrav\u00e9s da par\u00f3quia de S\u00e3o Vicente de Paulo, realizou mais um luau na pra\u00e7a S\u00e3o Vicente, defronte a sede da igreja. Foram momentos de adora\u00e7\u00e3o e exalta\u00e7\u00e3o a Deus. O evento contou com a participa\u00e7\u00e3o dos jovens e da Banda Kair\u00f3s, que \u00e9 formada totalmente por cat\u00f3licos saloaenses. Esta \u00e9 [&hellip;]<\/p>\n","protected":false},"author":1,"featured_media":0,"comment_status":"open","ping_status":"open","sticky":false,"template":"","format":"standard","meta":{"footnotes":""},"categories":[2],"tags":[],"class_list":["post-1807","post","type-post","status-publish","format-standard","hentry","category-noticias-do-dia"],"_links":{"self":[{"href":"https:\/\/www.saloanoticias.com\/v1\/wp-json\/wp\/v2\/posts\/1807","targetHints":{"allow":["GET"]}}],"collection":[{"href":"https:\/\/www.saloanoticias.com\/v1\/wp-json\/wp\/v2\/posts"}],"about":[{"href":"https:\/\/www.saloanoticias.com\/v1\/wp-json\/wp\/v2\/types\/post"}],"author":[{"embeddable":true,"href":"https:\/\/www.saloanoticias.com\/v1\/wp-json\/wp\/v2\/users\/1"}],"replies":[{"embeddable":true,"href":"https:\/\/www.saloanoticias.com\/v1\/wp-json\/wp\/v2\/comments?post=1807"}],"version-history":[{"count":0,"href":"https:\/\/www.saloanoticias.com\/v1\/wp-json\/wp\/v2\/posts\/1807\/revisions"}],"wp:attachment":[{"href":"https:\/\/www.saloanoticias.com\/v1\/wp-json\/wp\/v2\/media?parent=1807"}],"wp:term":[{"taxonomy":"category","embeddable":true,"href":"https:\/\/www.saloanoticias.com\/v1\/wp-json\/wp\/v2\/categories?post=1807"},{"taxonomy":"post_tag","embeddable":true,"href":"https:\/\/www.saloanoticias.com\/v1\/wp-json\/wp\/v2\/tags?post=1807"}],"curies":[{"name":"wp","href":"https:\/\/api.w.org\/{rel}","templated":true}]}}