{"id":1806,"date":"2015-05-10T14:00:00","date_gmt":"2015-05-10T14:00:00","guid":{"rendered":"https:\/\/saloanoticias.mrmediaweb.com\/v1\/2015\/05\/10\/mensagem-do-prefeito-de-saloa-as-maes\/"},"modified":"2015-05-10T14:00:00","modified_gmt":"2015-05-10T14:00:00","slug":"mensagem-do-prefeito-de-saloa-as-maes","status":"publish","type":"post","link":"https:\/\/www.saloanoticias.com\/v1\/mensagem-do-prefeito-de-saloa-as-maes\/","title":{"rendered":"MENSAGEM DO PREFEITO \u00c0S M\u00c3ES DE SALO\u00c1"},"content":{"rendered":"<p align=\"justify\"><font size=\"3\" face=\"Arial\"><a href=\"http:\/\/www.saloanoticias.com\/images\/salo-notcias-9_7bc7910636f3c5dde00853521479b3bc.jpg\"><img loading=\"lazy\" decoding=\"async\" title=\"Salo&aacute; Not&iacute;cias 9\" style=\"border-left-width: 0px; border-right-width: 0px; background-image: none; border-bottom-width: 0px; float: none; padding-top: 0px; padding-left: 0px; margin: 0px auto 10px; display: block; padding-right: 0px; border-top-width: 0px\" border=\"0\" alt=\"Salo&aacute; Not&iacute;cias 9\" src=\"http:\/\/www.saloanoticias.com\/v1\/wp-content\/uploads\/imagens\/salo-notcias-9_thumb_52e142331b0f1178173799f4f6f50efc.jpg\" width=\"461\" height=\"363\"><\/a>Na miss\u00e3o de continuar a obra da cria\u00e7\u00e3o, Deus colocou a m\u00e3e, aquela que al\u00e9m de gerar, alimentar, orientar, acolher, assistir e proteger, se for preciso d\u00e1 a vida pelo filho \u2026 \u00c9 a voc\u00ea m\u00e3e que dirigimos o reconhecimento de filho, pai, esposo e de todos que veem em voc\u00ea a esperan\u00e7a de uma sociedade melhor, mais humana e mais justa. .\u00c9 gra\u00e7as a voc\u00ea m\u00e3e que o amor e o respeito entre as pessoas resistem a todas as mudan\u00e7as. Voc\u00ea, sempre foi e continuar\u00e1 sendo o escudo e a base da fam\u00edlia \u2026<\/font><\/p>\n<p align=\"justify\"><font size=\"3\" face=\"Arial\">Por isso tudo, nessa data t\u00e3o especial rendemos nossa gratid\u00e3o e carinho. Que Deus conceda muita sa\u00fade e paz a todas as m\u00e3es, em especial as mam\u00e3es queridas Saloaenses. Feliz dia das m\u00e3es !!!<\/font><\/p>\n<p align=\"center\"><font size=\"3\" face=\"Arial\"><strong>Manoel Ricardo de Andrade Lima Alves<\/strong><\/font>  <\/p>\n<p align=\"center\"><font size=\"3\" face=\"Arial\"><strong>Prefeito de Salo\u00e1\/PE<\/strong><\/font><\/p>\n<div style=\"margin-top: 0px; margin-bottom: 0px;\" class=\"sharethis-inline-share-buttons\" ><\/div>","protected":false},"excerpt":{"rendered":"<p>Na miss\u00e3o de continuar a obra da cria\u00e7\u00e3o, Deus colocou a m\u00e3e, aquela que al\u00e9m de gerar, alimentar, orientar, acolher, assistir e proteger, se for preciso d\u00e1 a vida pelo filho \u2026 \u00c9 a voc\u00ea m\u00e3e que dirigimos o reconhecimento de filho, pai, esposo e de todos que veem em voc\u00ea a esperan\u00e7a de uma [&hellip;]<\/p>\n","protected":false},"author":1,"featured_media":0,"comment_status":"open","ping_status":"open","sticky":false,"template":"","format":"standard","meta":{"footnotes":""},"categories":[2],"tags":[],"class_list":["post-1806","post","type-post","status-publish","format-standard","hentry","category-noticias-do-dia"],"_links":{"self":[{"href":"https:\/\/www.saloanoticias.com\/v1\/wp-json\/wp\/v2\/posts\/1806","targetHints":{"allow":["GET"]}}],"collection":[{"href":"https:\/\/www.saloanoticias.com\/v1\/wp-json\/wp\/v2\/posts"}],"about":[{"href":"https:\/\/www.saloanoticias.com\/v1\/wp-json\/wp\/v2\/types\/post"}],"author":[{"embeddable":true,"href":"https:\/\/www.saloanoticias.com\/v1\/wp-json\/wp\/v2\/users\/1"}],"replies":[{"embeddable":true,"href":"https:\/\/www.saloanoticias.com\/v1\/wp-json\/wp\/v2\/comments?post=1806"}],"version-history":[{"count":0,"href":"https:\/\/www.saloanoticias.com\/v1\/wp-json\/wp\/v2\/posts\/1806\/revisions"}],"wp:attachment":[{"href":"https:\/\/www.saloanoticias.com\/v1\/wp-json\/wp\/v2\/media?parent=1806"}],"wp:term":[{"taxonomy":"category","embeddable":true,"href":"https:\/\/www.saloanoticias.com\/v1\/wp-json\/wp\/v2\/categories?post=1806"},{"taxonomy":"post_tag","embeddable":true,"href":"https:\/\/www.saloanoticias.com\/v1\/wp-json\/wp\/v2\/tags?post=1806"}],"curies":[{"name":"wp","href":"https:\/\/api.w.org\/{rel}","templated":true}]}}