{"id":1805,"date":"2015-05-10T11:00:00","date_gmt":"2015-05-10T11:00:00","guid":{"rendered":"https:\/\/saloanoticias.mrmediaweb.com\/v1\/2015\/05\/10\/mais-de-4-000-maes-participam-de-festa-na-quadra-da-escola-sao-vicente\/"},"modified":"2015-05-10T11:00:00","modified_gmt":"2015-05-10T11:00:00","slug":"mais-de-4-000-maes-participam-de-festa-na-quadra-da-escola-sao-vicente","status":"publish","type":"post","link":"https:\/\/www.saloanoticias.com\/v1\/mais-de-4-000-maes-participam-de-festa-na-quadra-da-escola-sao-vicente\/","title":{"rendered":"MAIS DE 4.000 M\u00c3ES PARTICIPAM DE FESTA NA QUADRA DA ESCOLA S\u00c3O VICENTE"},"content":{"rendered":"<p align=\"justify\"><font size=\"3\" face=\"Arial\"><a href=\"http:\/\/www.saloanoticias.com\/images\/1610921_838551116210457_1750503526234149001_n.jpg\"><img loading=\"lazy\" decoding=\"async\" title=\"1610921_838551116210457_1750503526234149001_n\" style=\"border-left-width: 0px; border-right-width: 0px; background-image: none; border-bottom-width: 0px; float: none; padding-top: 0px; padding-left: 0px; margin: 0px auto 10px; display: block; padding-right: 0px; border-top-width: 0px\" border=\"0\" alt=\"1610921_838551116210457_1750503526234149001_n\" src=\"http:\/\/www.saloanoticias.com\/v1\/wp-content\/uploads\/imagens\/1610921_838551116210457_1750503526234149001_n_thumb.jpg\" width=\"535\" height=\"335\"><\/a>Mais de 4.000 m\u00e3es participaram da festa em homenagem a elas realizada na \u00faltima sexta-feira na quadra de esportes da escola S\u00e3o Vicente em Salo\u00e1. Segundo os organizadores, apesar do pouco tempo de divulga\u00e7\u00e3o, esta foi uma das maiores j\u00e1 realizadas pelas secretarias de assist\u00eancia social e educa\u00e7\u00e3o. Tinha m\u00e3es de v\u00e1rias localidades do munic\u00edpio que foram homenageadas com apresenta\u00e7\u00f5es culturais e diversos sorteios de brindes. O prefeito da cidade, bastante emocionado, agradeceu a presen\u00e7a de todas.<\/font><\/p>\n<p align=\"justify\"><a href=\"http:\/\/www.saloanoticias.com\/images\/11113143_838551212877114_3206355318787895097_n.jpg\"><img loading=\"lazy\" decoding=\"async\" title=\"11113143_838551212877114_3206355318787895097_n\" style=\"border-left-width: 0px; border-right-width: 0px; background-image: none; border-bottom-width: 0px; float: none; padding-top: 0px; padding-left: 0px; margin: 10px auto; display: block; padding-right: 0px; border-top-width: 0px\" border=\"0\" alt=\"11113143_838551212877114_3206355318787895097_n\" src=\"http:\/\/www.saloanoticias.com\/v1\/wp-content\/uploads\/imagens\/11113143_838551212877114_3206355318787895097_n_thumb.jpg\" width=\"532\" height=\"355\"><\/a><\/p>\n<p align=\"justify\"><font size=\"3\" face=\"Arial\">Ricardo disse que estavam muito satisfeito em realizar pela terceira vez na sua gest\u00e3o este evento t\u00e3o merecido e disse ainda, que o maior presente que ele pode dar as mam\u00e3es do munic\u00edpio \u00e9 o trabalho que vem desempenhando em toda cidade. Foi mais uma festa que vai ficar na hist\u00f3ria e nos cora\u00e7\u00f5es das milhares de mam\u00e3es de Salo\u00e1.<\/font><\/p>\n<p align=\"justify\"><font size=\"3\" face=\"Arial\"><a href=\"http:\/\/www.saloanoticias.com\/images\/11052382_838551246210444_6511545865560377465_n.jpg\"><img loading=\"lazy\" decoding=\"async\" title=\"11052382_838551246210444_6511545865560377465_n\" style=\"border-left-width: 0px; border-right-width: 0px; background-image: none; border-bottom-width: 0px; float: none; padding-top: 0px; padding-left: 0px; margin-left: auto; display: block; padding-right: 0px; border-top-width: 0px; margin-right: auto\" border=\"0\" alt=\"11052382_838551246210444_6511545865560377465_n\" src=\"http:\/\/www.saloanoticias.com\/v1\/wp-content\/uploads\/imagens\/11052382_838551246210444_6511545865560377465_n_thumb.jpg\" width=\"533\" height=\"354\"><\/a><\/font><\/p>\n<p align=\"justify\"><font size=\"3\" face=\"Arial\"><a href=\"http:\/\/www.saloanoticias.com\/images\/11202862_838551326210436_2178454278588224256_n.jpg\"><img loading=\"lazy\" decoding=\"async\" title=\"11202862_838551326210436_2178454278588224256_n\" style=\"border-left-width: 0px; border-right-width: 0px; background-image: none; border-bottom-width: 0px; float: none; padding-top: 0px; padding-left: 0px; margin-left: auto; display: block; padding-right: 0px; border-top-width: 0px; margin-right: auto\" border=\"0\" alt=\"11202862_838551326210436_2178454278588224256_n\" src=\"http:\/\/www.saloanoticias.com\/v1\/wp-content\/uploads\/imagens\/11202862_838551326210436_2178454278588224256_n_thumb.jpg\" width=\"532\" height=\"337\"><\/a><\/font><\/p>\n<p align=\"justify\"><font size=\"3\" face=\"Arial\"><a href=\"http:\/\/www.saloanoticias.com\/images\/11219152_838530462879189_2076085902444127307_n.jpg\"><img loading=\"lazy\" decoding=\"async\" title=\"11219152_838530462879189_2076085902444127307_n\" style=\"border-left-width: 0px; border-right-width: 0px; background-image: none; border-bottom-width: 0px; float: none; padding-top: 0px; padding-left: 0px; margin-left: auto; display: block; padding-right: 0px; border-top-width: 0px; margin-right: auto\" border=\"0\" alt=\"11219152_838530462879189_2076085902444127307_n\" src=\"http:\/\/www.saloanoticias.com\/v1\/wp-content\/uploads\/imagens\/11219152_838530462879189_2076085902444127307_n_thumb.jpg\" width=\"530\" height=\"325\"><\/a><\/font><\/p>\n<p align=\"justify\"><font size=\"3\" face=\"Arial\"><a href=\"http:\/\/www.saloanoticias.com\/images\/11113142_838530389545863_7268544446046175525_n.jpg\"><img loading=\"lazy\" decoding=\"async\" title=\"11113142_838530389545863_7268544446046175525_n\" style=\"border-left-width: 0px; border-right-width: 0px; background-image: none; border-bottom-width: 0px; float: none; padding-top: 0px; padding-left: 0px; margin-left: auto; display: block; padding-right: 0px; border-top-width: 0px; margin-right: auto\" border=\"0\" alt=\"11113142_838530389545863_7268544446046175525_n\" src=\"http:\/\/www.saloanoticias.com\/v1\/wp-content\/uploads\/imagens\/11113142_838530389545863_7268544446046175525_n_thumb.jpg\" width=\"529\" height=\"362\"><\/a><\/font><\/p>\n<div style=\"margin-top: 0px; margin-bottom: 0px;\" class=\"sharethis-inline-share-buttons\" ><\/div>","protected":false},"excerpt":{"rendered":"<p>Mais de 4.000 m\u00e3es participaram da festa em homenagem a elas realizada na \u00faltima sexta-feira na quadra de esportes da escola S\u00e3o Vicente em Salo\u00e1. Segundo os organizadores, apesar do pouco tempo de divulga\u00e7\u00e3o, esta foi uma das maiores j\u00e1 realizadas pelas secretarias de assist\u00eancia social e educa\u00e7\u00e3o. Tinha m\u00e3es de v\u00e1rias localidades do munic\u00edpio [&hellip;]<\/p>\n","protected":false},"author":1,"featured_media":0,"comment_status":"open","ping_status":"open","sticky":false,"template":"","format":"standard","meta":{"footnotes":""},"categories":[2],"tags":[],"class_list":["post-1805","post","type-post","status-publish","format-standard","hentry","category-noticias-do-dia"],"_links":{"self":[{"href":"https:\/\/www.saloanoticias.com\/v1\/wp-json\/wp\/v2\/posts\/1805","targetHints":{"allow":["GET"]}}],"collection":[{"href":"https:\/\/www.saloanoticias.com\/v1\/wp-json\/wp\/v2\/posts"}],"about":[{"href":"https:\/\/www.saloanoticias.com\/v1\/wp-json\/wp\/v2\/types\/post"}],"author":[{"embeddable":true,"href":"https:\/\/www.saloanoticias.com\/v1\/wp-json\/wp\/v2\/users\/1"}],"replies":[{"embeddable":true,"href":"https:\/\/www.saloanoticias.com\/v1\/wp-json\/wp\/v2\/comments?post=1805"}],"version-history":[{"count":0,"href":"https:\/\/www.saloanoticias.com\/v1\/wp-json\/wp\/v2\/posts\/1805\/revisions"}],"wp:attachment":[{"href":"https:\/\/www.saloanoticias.com\/v1\/wp-json\/wp\/v2\/media?parent=1805"}],"wp:term":[{"taxonomy":"category","embeddable":true,"href":"https:\/\/www.saloanoticias.com\/v1\/wp-json\/wp\/v2\/categories?post=1805"},{"taxonomy":"post_tag","embeddable":true,"href":"https:\/\/www.saloanoticias.com\/v1\/wp-json\/wp\/v2\/tags?post=1805"}],"curies":[{"name":"wp","href":"https:\/\/api.w.org\/{rel}","templated":true}]}}