{"id":1804,"date":"2015-05-09T12:39:22","date_gmt":"2015-05-09T12:39:22","guid":{"rendered":"https:\/\/saloanoticias.mrmediaweb.com\/v1\/2015\/05\/09\/policiais-de-iati-recuperam-moto-roubada\/"},"modified":"2015-05-09T12:39:22","modified_gmt":"2015-05-09T12:39:22","slug":"policiais-de-iati-recuperam-moto-roubada","status":"publish","type":"post","link":"https:\/\/www.saloanoticias.com\/v1\/policiais-de-iati-recuperam-moto-roubada\/","title":{"rendered":"POLICIAIS DE IAT\u00cd\/PE RECUPERARAM MOTO ROUBADA NA NOITE DESTA SEXTA  (8)"},"content":{"rendered":"<p align=\"justify\"><font size=\"3\" face=\"Arial\"><a href=\"http:\/\/www.saloanoticias.com\/images\/salo-notcias-9_c1c282e6fd915fe8367778279b189358.jpg\"><img loading=\"lazy\" decoding=\"async\" title=\"Salo&aacute; Not&iacute;cias 9\" style=\"border-top: 0px; border-right: 0px; background-image: none; border-bottom: 0px; float: none; padding-top: 0px; padding-left: 0px; margin: 0px auto 10px; border-left: 0px; display: block; padding-right: 0px\" border=\"0\" alt=\"Salo&aacute; Not&iacute;cias 9\" src=\"http:\/\/www.saloanoticias.com\/v1\/wp-content\/uploads\/imagens\/salo-notcias-9_thumb_03f07c8efbac646e59e8480cfcb0c00e.jpg\" width=\"546\" height=\"321\"><\/a>Em Iat\u00ed\/PE, por volta das 23:00 horas desta sexta-feira (8), o Sr. Marcelino Bezerra, procurou o efetivo da PM informando que dois homens haviam roubado sua motocicleta <strike>H<\/strike>onda de placa KHA 3938, na Rua Jos\u00e9 Marinho dos Santos, no centro da cidade e teria tomado destino ao povoado Bela Vista. Em seguida , ap\u00f3s tomar conhecimento dos fatos, os policiais Cabo Couto e Soldado Brasileiro, logo fizeram deslocamento para a Bela Vista onde avistaram a motocicleta acima citada.<\/font><\/p>\n<p align=\"justify\"><font size=\"3\" face=\"Arial\">Quando os criminosos perceberam a a\u00e7\u00e3o dos PM\u2019s empreenderam fuga e, encostando o ve\u00edculo no acostamento da pista adentraram dentro de um matagal. Tendo feito algumas buscas no local, como o objetivo de efetuar as pris\u00f5es, os militares n\u00e3o obtiveram \u00eaxito, tendo em vista a falta de ilumina\u00e7\u00e3o do local e pelo hor\u00e1rio j\u00e1 avan\u00e7ado. A ocorr\u00eancia policial foi encaminhada para a Delegacia de Regional de Pol\u00edcia onde foi realizado o procedimento de praxe. Em tempo, o Cabo Couto informa mais uma vez, que o crime em Iat\u00ed est\u00e1 sendo combatido fielmente, e a Pol\u00edcia Militar de Pernambuco n\u00e3o est\u00e1 dando tr\u00e9gua aos bandidos.<\/font><\/p>\n<div style=\"margin-top: 0px; margin-bottom: 0px;\" class=\"sharethis-inline-share-buttons\" ><\/div>","protected":false},"excerpt":{"rendered":"<p>Em Iat\u00ed\/PE, por volta das 23:00 horas desta sexta-feira (8), o Sr. Marcelino Bezerra, procurou o efetivo da PM informando que dois homens haviam roubado sua motocicleta Honda de placa KHA 3938, na Rua Jos\u00e9 Marinho dos Santos, no centro da cidade e teria tomado destino ao povoado Bela Vista. Em seguida , ap\u00f3s tomar [&hellip;]<\/p>\n","protected":false},"author":1,"featured_media":0,"comment_status":"open","ping_status":"open","sticky":false,"template":"","format":"standard","meta":{"footnotes":""},"categories":[2],"tags":[],"class_list":["post-1804","post","type-post","status-publish","format-standard","hentry","category-noticias-do-dia"],"_links":{"self":[{"href":"https:\/\/www.saloanoticias.com\/v1\/wp-json\/wp\/v2\/posts\/1804","targetHints":{"allow":["GET"]}}],"collection":[{"href":"https:\/\/www.saloanoticias.com\/v1\/wp-json\/wp\/v2\/posts"}],"about":[{"href":"https:\/\/www.saloanoticias.com\/v1\/wp-json\/wp\/v2\/types\/post"}],"author":[{"embeddable":true,"href":"https:\/\/www.saloanoticias.com\/v1\/wp-json\/wp\/v2\/users\/1"}],"replies":[{"embeddable":true,"href":"https:\/\/www.saloanoticias.com\/v1\/wp-json\/wp\/v2\/comments?post=1804"}],"version-history":[{"count":0,"href":"https:\/\/www.saloanoticias.com\/v1\/wp-json\/wp\/v2\/posts\/1804\/revisions"}],"wp:attachment":[{"href":"https:\/\/www.saloanoticias.com\/v1\/wp-json\/wp\/v2\/media?parent=1804"}],"wp:term":[{"taxonomy":"category","embeddable":true,"href":"https:\/\/www.saloanoticias.com\/v1\/wp-json\/wp\/v2\/categories?post=1804"},{"taxonomy":"post_tag","embeddable":true,"href":"https:\/\/www.saloanoticias.com\/v1\/wp-json\/wp\/v2\/tags?post=1804"}],"curies":[{"name":"wp","href":"https:\/\/api.w.org\/{rel}","templated":true}]}}