{"id":1803,"date":"2015-05-08T14:29:29","date_gmt":"2015-05-08T14:29:29","guid":{"rendered":"https:\/\/saloanoticias.mrmediaweb.com\/v1\/2015\/05\/08\/festa-das-maes-em-saloa-acontece-nesta-sexta-feira\/"},"modified":"2015-05-08T14:29:29","modified_gmt":"2015-05-08T14:29:29","slug":"festa-das-maes-em-saloa-acontece-nesta-sexta-feira","status":"publish","type":"post","link":"https:\/\/www.saloanoticias.com\/v1\/festa-das-maes-em-saloa-acontece-nesta-sexta-feira\/","title":{"rendered":"PREFEITURA REALIZA FESTA DAS M\u00c3ES EM SALO\u00c1 NESTA SEXTA-FEIRA (8)"},"content":{"rendered":"<p align=\"justify\"><font size=\"3\" face=\"Arial\"><a href=\"http:\/\/www.saloanoticias.com\/images\/salo-notcias-8_3130ec91d9b307cf3d8cf298e618e13e.jpg\"><img loading=\"lazy\" decoding=\"async\" title=\"Salo&aacute; Not&iacute;cias 8\" style=\"border-top: 0px; border-right: 0px; background-image: none; border-bottom: 0px; float: none; padding-top: 0px; padding-left: 0px; margin: 0px auto 10px; border-left: 0px; display: block; padding-right: 0px\" border=\"0\" alt=\"Salo&aacute; Not&iacute;cias 8\" src=\"http:\/\/www.saloanoticias.com\/v1\/wp-content\/uploads\/imagens\/salo-notcias-8_thumb_42b047114149acc8d12d30f947d9712c.jpg\" width=\"533\" height=\"312\"><\/a>A prefeitura de Salo\u00e1, atrav\u00e9s das secretarias de assist\u00eancia social e de educa\u00e7\u00e3o, realizar\u00e3o logo mais \u00e0s 15 horas na Quadra Poliesportiva Ant\u00f4nio Ricardo a festa em comemora\u00e7\u00e3o ao Dia das M\u00e3es no munic\u00edpio. Segundo as informa\u00e7\u00f5es repassadas pela secret\u00e1ria Josevalda Cavalcante, haver\u00e1 sorteios de brindes e apresenta\u00e7\u00f5es culturais para homenagear as mam\u00e3es. O evento contar\u00e1 ainda com as presen\u00e7as do prefeito Ricardo, vereadores, secret\u00e1rios e demais autoridades do munic\u00edpio.<\/font><\/p>\n<p align=\"justify\"><font size=\"3\" face=\"Arial\">A festa das m\u00e3es em Salo\u00e1 j\u00e1 virou tradi\u00e7\u00e3o e tamb\u00e9m faz parte do calend\u00e1rio festivo da cidade. Os organizadores esperam mais de 3.000 pessoas esta tarde no local da festa.<\/font><\/p>\n<div style=\"margin-top: 0px; margin-bottom: 0px;\" class=\"sharethis-inline-share-buttons\" ><\/div>","protected":false},"excerpt":{"rendered":"<p>A prefeitura de Salo\u00e1, atrav\u00e9s das secretarias de assist\u00eancia social e de educa\u00e7\u00e3o, realizar\u00e3o logo mais \u00e0s 15 horas na Quadra Poliesportiva Ant\u00f4nio Ricardo a festa em comemora\u00e7\u00e3o ao Dia das M\u00e3es no munic\u00edpio. Segundo as informa\u00e7\u00f5es repassadas pela secret\u00e1ria Josevalda Cavalcante, haver\u00e1 sorteios de brindes e apresenta\u00e7\u00f5es culturais para homenagear as mam\u00e3es. O evento [&hellip;]<\/p>\n","protected":false},"author":1,"featured_media":0,"comment_status":"open","ping_status":"open","sticky":false,"template":"","format":"standard","meta":{"footnotes":""},"categories":[2],"tags":[],"class_list":["post-1803","post","type-post","status-publish","format-standard","hentry","category-noticias-do-dia"],"_links":{"self":[{"href":"https:\/\/www.saloanoticias.com\/v1\/wp-json\/wp\/v2\/posts\/1803","targetHints":{"allow":["GET"]}}],"collection":[{"href":"https:\/\/www.saloanoticias.com\/v1\/wp-json\/wp\/v2\/posts"}],"about":[{"href":"https:\/\/www.saloanoticias.com\/v1\/wp-json\/wp\/v2\/types\/post"}],"author":[{"embeddable":true,"href":"https:\/\/www.saloanoticias.com\/v1\/wp-json\/wp\/v2\/users\/1"}],"replies":[{"embeddable":true,"href":"https:\/\/www.saloanoticias.com\/v1\/wp-json\/wp\/v2\/comments?post=1803"}],"version-history":[{"count":0,"href":"https:\/\/www.saloanoticias.com\/v1\/wp-json\/wp\/v2\/posts\/1803\/revisions"}],"wp:attachment":[{"href":"https:\/\/www.saloanoticias.com\/v1\/wp-json\/wp\/v2\/media?parent=1803"}],"wp:term":[{"taxonomy":"category","embeddable":true,"href":"https:\/\/www.saloanoticias.com\/v1\/wp-json\/wp\/v2\/categories?post=1803"},{"taxonomy":"post_tag","embeddable":true,"href":"https:\/\/www.saloanoticias.com\/v1\/wp-json\/wp\/v2\/tags?post=1803"}],"curies":[{"name":"wp","href":"https:\/\/api.w.org\/{rel}","templated":true}]}}