{"id":1802,"date":"2015-05-08T11:00:00","date_gmt":"2015-05-08T11:00:00","guid":{"rendered":"https:\/\/saloanoticias.mrmediaweb.com\/v1\/2015\/05\/08\/conselheiros-participam-de-mais-um-seminario\/"},"modified":"2015-05-08T11:00:00","modified_gmt":"2015-05-08T11:00:00","slug":"conselheiros-participam-de-mais-um-seminario","status":"publish","type":"post","link":"https:\/\/www.saloanoticias.com\/v1\/conselheiros-participam-de-mais-um-seminario\/","title":{"rendered":"CONSELHEIROS PARTICIPAM DE MAIS UMA CAPACITA\u00c7\u00c3O FORA DO MUNIC\u00cdPIO"},"content":{"rendered":"<p align=\"justify\"><font size=\"3\" face=\"Arial\"><a href=\"http:\/\/www.saloanoticias.com\/images\/salo-notcias-8_6f49388f4f75c8bb63f4dd1902dd27cc.jpg\"><img loading=\"lazy\" decoding=\"async\" title=\"Salo&aacute; Not&iacute;cias 8\" style=\"border-left-width: 0px; border-right-width: 0px; background-image: none; border-bottom-width: 0px; float: none; padding-top: 0px; padding-left: 0px; margin: 0px auto 10px; display: block; padding-right: 0px; border-top-width: 0px\" border=\"0\" alt=\"Salo&aacute; Not&iacute;cias 8\" src=\"http:\/\/www.saloanoticias.com\/v1\/wp-content\/uploads\/imagens\/salo-notcias-8_thumb_d556241f50f23b9ac485316830ee2a0a.jpg\" width=\"499\" height=\"301\"><\/a>Os Conselheiros Tutelares de Salo\u00e1\/PE, Gideone Leandro, F\u00e1tima Pereira (Presidente), Rog\u00e9rio Souza, Jaiminho e Leonice Pereira, participaram de mais uma capacita\u00e7\u00e3o fora do munic\u00edpio. Desta vez eles receberam um treinamento sobre o sistema CIPIA juntamente com os colegas de profiss\u00e3o da cidade de Jurema\/PE. Al\u00e9m dos trabalhos em Salo\u00e1 os conselheiros ainda procuram fazer capacita\u00e7\u00f5es e cursos em outros munic\u00edpios com a finalidade de se aperfei\u00e7oarem cada vez nas quest\u00f5es dos menores e, assim, desempenharem ainda com mais qualidade suas fun\u00e7\u00f5es.<\/font><\/p>\n<p align=\"justify\"><font size=\"3\" face=\"Arial\">S\u00e3o verdadeiros guardi\u00f5es dos interesses das crian\u00e7as e adolescentes, e fazem de tudo para estarem sempre presentes em todas as comunidades e nos eventos que acontecem na cidade. Este ano haver\u00e1 novas elei\u00e7\u00f5es para preenchimento das vagas do Conselho Tutelar, e se houver algumas mudan\u00e7as nos membros, que os novos possam ter o mesmo afinco que os atuais possuem.<\/font><\/p>\n<div style=\"margin-top: 0px; margin-bottom: 0px;\" class=\"sharethis-inline-share-buttons\" ><\/div>","protected":false},"excerpt":{"rendered":"<p>Os Conselheiros Tutelares de Salo\u00e1\/PE, Gideone Leandro, F\u00e1tima Pereira (Presidente), Rog\u00e9rio Souza, Jaiminho e Leonice Pereira, participaram de mais uma capacita\u00e7\u00e3o fora do munic\u00edpio. Desta vez eles receberam um treinamento sobre o sistema CIPIA juntamente com os colegas de profiss\u00e3o da cidade de Jurema\/PE. Al\u00e9m dos trabalhos em Salo\u00e1 os conselheiros ainda procuram fazer capacita\u00e7\u00f5es [&hellip;]<\/p>\n","protected":false},"author":1,"featured_media":0,"comment_status":"open","ping_status":"open","sticky":false,"template":"","format":"standard","meta":{"footnotes":""},"categories":[2],"tags":[],"class_list":["post-1802","post","type-post","status-publish","format-standard","hentry","category-noticias-do-dia"],"_links":{"self":[{"href":"https:\/\/www.saloanoticias.com\/v1\/wp-json\/wp\/v2\/posts\/1802","targetHints":{"allow":["GET"]}}],"collection":[{"href":"https:\/\/www.saloanoticias.com\/v1\/wp-json\/wp\/v2\/posts"}],"about":[{"href":"https:\/\/www.saloanoticias.com\/v1\/wp-json\/wp\/v2\/types\/post"}],"author":[{"embeddable":true,"href":"https:\/\/www.saloanoticias.com\/v1\/wp-json\/wp\/v2\/users\/1"}],"replies":[{"embeddable":true,"href":"https:\/\/www.saloanoticias.com\/v1\/wp-json\/wp\/v2\/comments?post=1802"}],"version-history":[{"count":0,"href":"https:\/\/www.saloanoticias.com\/v1\/wp-json\/wp\/v2\/posts\/1802\/revisions"}],"wp:attachment":[{"href":"https:\/\/www.saloanoticias.com\/v1\/wp-json\/wp\/v2\/media?parent=1802"}],"wp:term":[{"taxonomy":"category","embeddable":true,"href":"https:\/\/www.saloanoticias.com\/v1\/wp-json\/wp\/v2\/categories?post=1802"},{"taxonomy":"post_tag","embeddable":true,"href":"https:\/\/www.saloanoticias.com\/v1\/wp-json\/wp\/v2\/tags?post=1802"}],"curies":[{"name":"wp","href":"https:\/\/api.w.org\/{rel}","templated":true}]}}