{"id":1801,"date":"2015-05-07T14:40:00","date_gmt":"2015-05-07T14:40:00","guid":{"rendered":"https:\/\/saloanoticias.mrmediaweb.com\/v1\/2015\/05\/07\/evangelicos-de-saloa-promovem-mes-de-oracao\/"},"modified":"2015-05-07T14:40:00","modified_gmt":"2015-05-07T14:40:00","slug":"evangelicos-de-saloa-promovem-mes-de-oracao","status":"publish","type":"post","link":"https:\/\/www.saloanoticias.com\/v1\/evangelicos-de-saloa-promovem-mes-de-oracao\/","title":{"rendered":"EVANG\u00c9LICOS DE SALO\u00c1 PROMOVEM M\u00caS DE ORA\u00c7\u00c3O NAS IGREJAS"},"content":{"rendered":"<p align=\"justify\"><font size=\"3\" face=\"Arial\"><a href=\"http:\/\/www.saloanoticias.com\/images\/salo-notcias-8_6af03fd0bdc96188300936d1018fbf67.jpg\"><img loading=\"lazy\" decoding=\"async\" title=\"Salo&aacute; Not&iacute;cias 8\" style=\"border-left-width: 0px; border-right-width: 0px; background-image: none; border-bottom-width: 0px; float: none; padding-top: 0px; padding-left: 0px; margin: 0px auto 10px; display: block; padding-right: 0px; border-top-width: 0px\" border=\"0\" alt=\"Salo&aacute; Not&iacute;cias 8\" src=\"http:\/\/www.saloanoticias.com\/v1\/wp-content\/uploads\/imagens\/salo-notcias-8_thumb_ed048771dc2ccb56c876c4c7497ef74c.jpg\" width=\"541\" height=\"339\"><\/a>A LIESA &#8211; liga das Igrejas Evang\u00e9licas de Salo\u00e1\/PE, promove durante este m\u00eas de maio uma programa\u00e7\u00e3o voltada para as fam\u00edlias saloaenses. Com cultos aos s\u00e1bados nas igrejas participantes, os religiosos pretendem interceder pela cidade, pelas autoridades e pelos lares em geral. Entre as programa\u00e7\u00f5es est\u00e1 a campanha de 30 dias de ora\u00e7\u00e3o pelas fam\u00edlias. A abertura acontece neste s\u00e1bado (09), na IPB (Igreja Presbiteriana no Brasil) \u00e0s 19 horas. No dia 23 de maio o culto ser\u00e1 na IBB (Igreja Batista Betesda). J\u00e1 o termino da campanha acontece no dia 06 de junho na ICPB (Igreja de Cristo Pentecostal no Brasil).<\/font>  <\/p>\n<p align=\"justify\"><font size=\"3\" face=\"Arial\">Participe voc\u00ea tamb\u00e9m desta campanha que promete transformar o seu lar em lugar de alegria e paz. Ore, Compartilhe e Participe !<\/font><\/p>\n<div style=\"margin-top: 0px; margin-bottom: 0px;\" class=\"sharethis-inline-share-buttons\" ><\/div>","protected":false},"excerpt":{"rendered":"<p>A LIESA &#8211; liga das Igrejas Evang\u00e9licas de Salo\u00e1\/PE, promove durante este m\u00eas de maio uma programa\u00e7\u00e3o voltada para as fam\u00edlias saloaenses. Com cultos aos s\u00e1bados nas igrejas participantes, os religiosos pretendem interceder pela cidade, pelas autoridades e pelos lares em geral. Entre as programa\u00e7\u00f5es est\u00e1 a campanha de 30 dias de ora\u00e7\u00e3o pelas fam\u00edlias. [&hellip;]<\/p>\n","protected":false},"author":1,"featured_media":0,"comment_status":"open","ping_status":"open","sticky":false,"template":"","format":"standard","meta":{"footnotes":""},"categories":[2],"tags":[],"class_list":["post-1801","post","type-post","status-publish","format-standard","hentry","category-noticias-do-dia"],"_links":{"self":[{"href":"https:\/\/www.saloanoticias.com\/v1\/wp-json\/wp\/v2\/posts\/1801","targetHints":{"allow":["GET"]}}],"collection":[{"href":"https:\/\/www.saloanoticias.com\/v1\/wp-json\/wp\/v2\/posts"}],"about":[{"href":"https:\/\/www.saloanoticias.com\/v1\/wp-json\/wp\/v2\/types\/post"}],"author":[{"embeddable":true,"href":"https:\/\/www.saloanoticias.com\/v1\/wp-json\/wp\/v2\/users\/1"}],"replies":[{"embeddable":true,"href":"https:\/\/www.saloanoticias.com\/v1\/wp-json\/wp\/v2\/comments?post=1801"}],"version-history":[{"count":0,"href":"https:\/\/www.saloanoticias.com\/v1\/wp-json\/wp\/v2\/posts\/1801\/revisions"}],"wp:attachment":[{"href":"https:\/\/www.saloanoticias.com\/v1\/wp-json\/wp\/v2\/media?parent=1801"}],"wp:term":[{"taxonomy":"category","embeddable":true,"href":"https:\/\/www.saloanoticias.com\/v1\/wp-json\/wp\/v2\/categories?post=1801"},{"taxonomy":"post_tag","embeddable":true,"href":"https:\/\/www.saloanoticias.com\/v1\/wp-json\/wp\/v2\/tags?post=1801"}],"curies":[{"name":"wp","href":"https:\/\/api.w.org\/{rel}","templated":true}]}}