{"id":1800,"date":"2015-05-06T10:50:00","date_gmt":"2015-05-06T10:50:00","guid":{"rendered":"https:\/\/saloanoticias.mrmediaweb.com\/v1\/2015\/05\/06\/sitio-catimbau-recebera-audiencia-publica-feita-pela-prefeitura-de-saloa\/"},"modified":"2015-05-06T10:50:00","modified_gmt":"2015-05-06T10:50:00","slug":"sitio-catimbau-recebera-audiencia-publica-feita-pela-prefeitura-de-saloa","status":"publish","type":"post","link":"https:\/\/www.saloanoticias.com\/v1\/sitio-catimbau-recebera-audiencia-publica-feita-pela-prefeitura-de-saloa\/","title":{"rendered":"S\u00cdTIO CATIMBAU VAI RECEBER AUDI\u00caNCIA P\u00daBLICA FEITA PELA PREFEITURA DE SALO\u00c1"},"content":{"rendered":"<p align=\"justify\"><font size=\"3\" face=\"Arial\"><a href=\"http:\/\/www.saloanoticias.com\/images\/dsc_0500.jpg\"><img loading=\"lazy\" decoding=\"async\" title=\"DSC_0500\" style=\"border-top: 0px; border-right: 0px; background-image: none; border-bottom: 0px; float: none; padding-top: 0px; padding-left: 0px; margin: 0px auto 10px; border-left: 0px; display: block; padding-right: 0px\" border=\"0\" alt=\"DSC_0500\" src=\"http:\/\/www.saloanoticias.com\/v1\/wp-content\/uploads\/imagens\/dsc_0500_thumb.jpg\" width=\"530\" height=\"384\"><\/a>Meus amigos e minhas amigas do Catimbau e S\u00edtios Vizinhos, venho convidar a todos para uma important\u00edssima audi\u00eancia p\u00fablica, pr\u00f3ximo s\u00e1bado dia 09 de Maio 2015. Local: Grupo Escolar Vale do Catimbau, inicio as 9:00 horas. <\/font><font size=\"3\" face=\"Arial\">Quero tratar com voc\u00eas de v\u00e1rios assuntos de total interesses da comunidade local,tais como: Apoio aos agricultores,irriga\u00e7\u00e3o,trator para a comunidade, abastecimento d`\u00e1gua,melhorias das estradas,constru\u00e7\u00e3o de porcos e barragens, melhorias na educa\u00e7\u00e3o e na sa\u00fade,transporte escolar e apoio aos esportes.<\/font> <\/p>\n<p align=\"justify\"><font size=\"3\" face=\"Arial\">Esta \u00e9 a oportunidade de voc\u00ea apresentar suas reivindica\u00e7\u00f5es para que possamos realiza-las o mais breve poss\u00edvel. Presen\u00e7a de vereadores e toda equipe do governo municipal. <\/font><font size=\"3\" face=\"Arial\">A sua participa\u00e7\u00e3o \u00e9 muito importante para o futuro da comunidade. <\/font><font size=\"3\" face=\"Arial\">Conto com sua a sua presen\u00e7a !<\/font><\/p>\n<p><font size=\"3\" face=\"Arial\"> <\/p>\n<p align=\"center\"><strong><font size=\"4\">Manoel de Andrade Lima Alves<br \/>Prefeito de Salo\u00e1<\/font><\/strong><\/font><\/p>\n<div style=\"margin-top: 0px; margin-bottom: 0px;\" class=\"sharethis-inline-share-buttons\" ><\/div>","protected":false},"excerpt":{"rendered":"<p>Meus amigos e minhas amigas do Catimbau e S\u00edtios Vizinhos, venho convidar a todos para uma important\u00edssima audi\u00eancia p\u00fablica, pr\u00f3ximo s\u00e1bado dia 09 de Maio 2015. Local: Grupo Escolar Vale do Catimbau, inicio as 9:00 horas. Quero tratar com voc\u00eas de v\u00e1rios assuntos de total interesses da comunidade local,tais como: Apoio aos agricultores,irriga\u00e7\u00e3o,trator para a [&hellip;]<\/p>\n","protected":false},"author":1,"featured_media":0,"comment_status":"open","ping_status":"open","sticky":false,"template":"","format":"standard","meta":{"footnotes":""},"categories":[2],"tags":[],"class_list":["post-1800","post","type-post","status-publish","format-standard","hentry","category-noticias-do-dia"],"_links":{"self":[{"href":"https:\/\/www.saloanoticias.com\/v1\/wp-json\/wp\/v2\/posts\/1800","targetHints":{"allow":["GET"]}}],"collection":[{"href":"https:\/\/www.saloanoticias.com\/v1\/wp-json\/wp\/v2\/posts"}],"about":[{"href":"https:\/\/www.saloanoticias.com\/v1\/wp-json\/wp\/v2\/types\/post"}],"author":[{"embeddable":true,"href":"https:\/\/www.saloanoticias.com\/v1\/wp-json\/wp\/v2\/users\/1"}],"replies":[{"embeddable":true,"href":"https:\/\/www.saloanoticias.com\/v1\/wp-json\/wp\/v2\/comments?post=1800"}],"version-history":[{"count":0,"href":"https:\/\/www.saloanoticias.com\/v1\/wp-json\/wp\/v2\/posts\/1800\/revisions"}],"wp:attachment":[{"href":"https:\/\/www.saloanoticias.com\/v1\/wp-json\/wp\/v2\/media?parent=1800"}],"wp:term":[{"taxonomy":"category","embeddable":true,"href":"https:\/\/www.saloanoticias.com\/v1\/wp-json\/wp\/v2\/categories?post=1800"},{"taxonomy":"post_tag","embeddable":true,"href":"https:\/\/www.saloanoticias.com\/v1\/wp-json\/wp\/v2\/tags?post=1800"}],"curies":[{"name":"wp","href":"https:\/\/api.w.org\/{rel}","templated":true}]}}