{"id":1798,"date":"2015-05-05T23:00:00","date_gmt":"2015-05-05T23:00:00","guid":{"rendered":"https:\/\/saloanoticias.mrmediaweb.com\/v1\/2015\/05\/05\/ver-solicita-iluminacao-no-bairro-manoel-vicente\/"},"modified":"2015-05-05T23:00:00","modified_gmt":"2015-05-05T23:00:00","slug":"ver-solicita-iluminacao-no-bairro-manoel-vicente","status":"publish","type":"post","link":"https:\/\/www.saloanoticias.com\/v1\/ver-solicita-iluminacao-no-bairro-manoel-vicente\/","title":{"rendered":"VER. RONALDINHO SOLICITA ILUMINA\u00c7\u00c3O PARA O BAIRRO MANOEL VICENTE"},"content":{"rendered":"<p align=\"justify\"><font size=\"3\" face=\"Arial\"><a href=\"http:\/\/www.saloanoticias.com\/images\/dsc_0474.jpg\"><img loading=\"lazy\" decoding=\"async\" title=\"DSC_0474\" style=\"border-top: 0px; border-right: 0px; background-image: none; border-bottom: 0px; float: none; padding-top: 0px; padding-left: 0px; margin: 0px auto 10px; border-left: 0px; display: block; padding-right: 0px\" border=\"0\" alt=\"DSC_0474\" src=\"http:\/\/www.saloanoticias.com\/v1\/wp-content\/uploads\/imagens\/dsc_0474_thumb.jpg\" width=\"534\" height=\"376\"><\/a>O vereador Osvaldo Ronaldo Alves Cavalcante, o popular Ronaldinho (PSDB), solicitou ao governo municipal a instala\u00e7\u00e3o de postes de energia el\u00e9trica, e consequentemente a ilumina\u00e7\u00e3o e implanta\u00e7\u00e3o de energia nas resid\u00eancias do bairro Manoel Vicente, que fica por tr\u00e1s do cemit\u00e9rio Santa Quit\u00e9ria em Salo\u00e1\/PE. Segundo o vereador, mais de 40 fam\u00edlias j\u00e1 residem no local e aproximadamente 150 pessoas precisam da chagada da energia. Ele relatou que foi procurado pelos moradores e esteve in loco, verificando a situa\u00e7\u00e3o.<\/font><\/p>\n<p align=\"justify\"><font size=\"3\" face=\"Arial\">O documento foi apresentado na c\u00e2mara, votado e aprovado por unanimidade pelos edis presentes na sess\u00e3o. Agora, o pedido segue para a prefeitura da cidade e, chegar\u00e1 \u00e0s m\u00e3os dos respons\u00e1veis para viabiliza\u00e7\u00e3o da implanta\u00e7\u00e3o do sistema. Desde o come\u00e7o deste ano que a responsabilidade da ilumina\u00e7\u00e3o p\u00fablica est\u00e1 sob a tutela das prefeituras municipais. Ronaldinho destacou ainda em suas palavras que na atualidade, energia el\u00e9trica em casa \u00e9 um direito b\u00e1sico dos cidad\u00e3os, al\u00e9m de representar desenvolvimento para o munic\u00edpio.<\/font><\/p>\n<div style=\"margin-top: 0px; margin-bottom: 0px;\" class=\"sharethis-inline-share-buttons\" ><\/div>","protected":false},"excerpt":{"rendered":"<p>O vereador Osvaldo Ronaldo Alves Cavalcante, o popular Ronaldinho (PSDB), solicitou ao governo municipal a instala\u00e7\u00e3o de postes de energia el\u00e9trica, e consequentemente a ilumina\u00e7\u00e3o e implanta\u00e7\u00e3o de energia nas resid\u00eancias do bairro Manoel Vicente, que fica por tr\u00e1s do cemit\u00e9rio Santa Quit\u00e9ria em Salo\u00e1\/PE. Segundo o vereador, mais de 40 fam\u00edlias j\u00e1 residem no [&hellip;]<\/p>\n","protected":false},"author":1,"featured_media":0,"comment_status":"open","ping_status":"open","sticky":false,"template":"","format":"standard","meta":{"footnotes":""},"categories":[2],"tags":[],"class_list":["post-1798","post","type-post","status-publish","format-standard","hentry","category-noticias-do-dia"],"_links":{"self":[{"href":"https:\/\/www.saloanoticias.com\/v1\/wp-json\/wp\/v2\/posts\/1798","targetHints":{"allow":["GET"]}}],"collection":[{"href":"https:\/\/www.saloanoticias.com\/v1\/wp-json\/wp\/v2\/posts"}],"about":[{"href":"https:\/\/www.saloanoticias.com\/v1\/wp-json\/wp\/v2\/types\/post"}],"author":[{"embeddable":true,"href":"https:\/\/www.saloanoticias.com\/v1\/wp-json\/wp\/v2\/users\/1"}],"replies":[{"embeddable":true,"href":"https:\/\/www.saloanoticias.com\/v1\/wp-json\/wp\/v2\/comments?post=1798"}],"version-history":[{"count":0,"href":"https:\/\/www.saloanoticias.com\/v1\/wp-json\/wp\/v2\/posts\/1798\/revisions"}],"wp:attachment":[{"href":"https:\/\/www.saloanoticias.com\/v1\/wp-json\/wp\/v2\/media?parent=1798"}],"wp:term":[{"taxonomy":"category","embeddable":true,"href":"https:\/\/www.saloanoticias.com\/v1\/wp-json\/wp\/v2\/categories?post=1798"},{"taxonomy":"post_tag","embeddable":true,"href":"https:\/\/www.saloanoticias.com\/v1\/wp-json\/wp\/v2\/tags?post=1798"}],"curies":[{"name":"wp","href":"https:\/\/api.w.org\/{rel}","templated":true}]}}