{"id":1796,"date":"2015-05-05T10:40:00","date_gmt":"2015-05-05T10:40:00","guid":{"rendered":"https:\/\/saloanoticias.mrmediaweb.com\/v1\/2015\/05\/05\/integrantes-do-saloa-moto-clube-participaram-de-encontro-em-paulo-afonso\/"},"modified":"2015-05-05T10:40:00","modified_gmt":"2015-05-05T10:40:00","slug":"integrantes-do-saloa-moto-clube-participaram-de-encontro-em-paulo-afonso","status":"publish","type":"post","link":"https:\/\/www.saloanoticias.com\/v1\/integrantes-do-saloa-moto-clube-participaram-de-encontro-em-paulo-afonso\/","title":{"rendered":"INTEGRANTES DO SALO\u00c1 MC PARTICIPARAM DE ENCONTRO EM PAULO AFONSO\/BA"},"content":{"rendered":"<p align=\"justify\"><font size=\"3\" face=\"Arial\"><a href=\"http:\/\/www.saloanoticias.com\/images\/salo-moto-clube_87395686de9fdac34ee4bb720ff3c87e.jpg\"><img loading=\"lazy\" decoding=\"async\" title=\"Salo&aacute; Moto Clube\" style=\"border-left-width: 0px; border-right-width: 0px; background-image: none; border-bottom-width: 0px; float: none; padding-top: 0px; padding-left: 0px; margin: 0px auto 10px; display: block; padding-right: 0px; border-top-width: 0px\" border=\"0\" alt=\"Salo&aacute; Moto Clube\" src=\"http:\/\/www.saloanoticias.com\/v1\/wp-content\/uploads\/imagens\/salo-moto-clube_thumb_f4b604227f7e3beb4329b43b049fabb8.jpg\" width=\"535\" height=\"368\"><\/a>Os integrantes do Salo\u00e1 Moto Clube participaram de mais um encontro de motos que foi realizado na cidade de Paulo Afonso\/BA. O evento come\u00e7ou no dia 1\u00ba de maio e se estendeu at\u00e9 o domingo (3). Eram milhares de motociclistas e motos que abrilhantaram mais este evento. O Paulo Afonso Moto Fest \u00e9 realizado anualmente no m\u00eas de maio e re\u00fane gente de todas as partes do pa\u00eds, os apaixonados por motos de altas cilindradas. Este ano a festa aconteceu no parque de exposi\u00e7\u00f5es da cidade.<\/font><\/p>\n<p align=\"justify\"><a href=\"http:\/\/www.saloanoticias.com\/images\/salo-notcias-9_490e32cc98d743d900ad86248ff5a7aa.jpg\"><img loading=\"lazy\" decoding=\"async\" title=\"Salo&aacute; Not&iacute;cias 9\" style=\"border-left-width: 0px; border-right-width: 0px; background-image: none; border-bottom-width: 0px; float: none; padding-top: 0px; padding-left: 0px; margin: 10px auto; display: block; padding-right: 0px; border-top-width: 0px\" border=\"0\" alt=\"Salo&aacute; Not&iacute;cias 9\" src=\"http:\/\/www.saloanoticias.com\/v1\/wp-content\/uploads\/imagens\/salo-notcias-9_thumb_776dd29160bca195ad4507e2026b6b2c.jpg\" width=\"537\" height=\"403\"><\/a><\/p>\n<p align=\"justify\"><font size=\"3\" face=\"Arial\">O Salo\u00e1 Moto Clube conta atualmente com mais de 15 motociclista e levam o nome do munic\u00edpio pelas cidades por onde passa. Conforme se ver nas imagens, Paulo Afonso se encheu de turistas e os hot\u00e9is e pousadas ficaram totalmente lotados, aquecendo assim, a economia local. A cidade baiana tem um grande potencial tur\u00edstico, e as suas v\u00e1rias cachoeiras, prainhas e a usina hidroel\u00e9trica fazem do local um dos mais belos do Brasil.<\/font><\/p>\n<div style=\"margin-top: 0px; margin-bottom: 0px;\" class=\"sharethis-inline-share-buttons\" ><\/div>","protected":false},"excerpt":{"rendered":"<p>Os integrantes do Salo\u00e1 Moto Clube participaram de mais um encontro de motos que foi realizado na cidade de Paulo Afonso\/BA. O evento come\u00e7ou no dia 1\u00ba de maio e se estendeu at\u00e9 o domingo (3). Eram milhares de motociclistas e motos que abrilhantaram mais este evento. O Paulo Afonso Moto Fest \u00e9 realizado anualmente [&hellip;]<\/p>\n","protected":false},"author":1,"featured_media":0,"comment_status":"open","ping_status":"open","sticky":false,"template":"","format":"standard","meta":{"footnotes":""},"categories":[2],"tags":[],"class_list":["post-1796","post","type-post","status-publish","format-standard","hentry","category-noticias-do-dia"],"_links":{"self":[{"href":"https:\/\/www.saloanoticias.com\/v1\/wp-json\/wp\/v2\/posts\/1796","targetHints":{"allow":["GET"]}}],"collection":[{"href":"https:\/\/www.saloanoticias.com\/v1\/wp-json\/wp\/v2\/posts"}],"about":[{"href":"https:\/\/www.saloanoticias.com\/v1\/wp-json\/wp\/v2\/types\/post"}],"author":[{"embeddable":true,"href":"https:\/\/www.saloanoticias.com\/v1\/wp-json\/wp\/v2\/users\/1"}],"replies":[{"embeddable":true,"href":"https:\/\/www.saloanoticias.com\/v1\/wp-json\/wp\/v2\/comments?post=1796"}],"version-history":[{"count":0,"href":"https:\/\/www.saloanoticias.com\/v1\/wp-json\/wp\/v2\/posts\/1796\/revisions"}],"wp:attachment":[{"href":"https:\/\/www.saloanoticias.com\/v1\/wp-json\/wp\/v2\/media?parent=1796"}],"wp:term":[{"taxonomy":"category","embeddable":true,"href":"https:\/\/www.saloanoticias.com\/v1\/wp-json\/wp\/v2\/categories?post=1796"},{"taxonomy":"post_tag","embeddable":true,"href":"https:\/\/www.saloanoticias.com\/v1\/wp-json\/wp\/v2\/tags?post=1796"}],"curies":[{"name":"wp","href":"https:\/\/api.w.org\/{rel}","templated":true}]}}