{"id":1795,"date":"2015-05-04T11:21:00","date_gmt":"2015-05-04T11:21:00","guid":{"rendered":"https:\/\/saloanoticias.mrmediaweb.com\/v1\/2015\/05\/04\/cirurgias-sao-realizadas-semanalmente-no-hospital-de-saloa\/"},"modified":"2015-05-04T11:21:00","modified_gmt":"2015-05-04T11:21:00","slug":"cirurgias-sao-realizadas-semanalmente-no-hospital-de-saloa","status":"publish","type":"post","link":"https:\/\/www.saloanoticias.com\/v1\/cirurgias-sao-realizadas-semanalmente-no-hospital-de-saloa\/","title":{"rendered":"CIRURGIAS S\u00c3O REALIZADAS NO HOSPITAL DE SALO\u00c1 SEMANALMENTE"},"content":{"rendered":"<p align=\"justify\"><font size=\"3\" face=\"Arial\"><a href=\"http:\/\/www.saloanoticias.com\/images\/salo-notcias-8_b6a72742d26674202d47f675a48d218c.jpg\"><img loading=\"lazy\" decoding=\"async\" title=\"Salo&aacute; Not&iacute;cias 8\" style=\"border-top: 0px; border-right: 0px; background-image: none; border-bottom: 0px; float: none; padding-top: 0px; padding-left: 0px; margin: 0px auto 10px; border-left: 0px; display: block; padding-right: 0px\" border=\"0\" alt=\"Salo&aacute; Not&iacute;cias 8\" src=\"http:\/\/www.saloanoticias.com\/v1\/wp-content\/uploads\/imagens\/salo-notcias-8_thumb_258b6db0061f8fb0c93924893da4766d.jpg\" width=\"528\" height=\"352\"><\/a>Desde que assumiu o governo do munic\u00edpio de Salo\u00e1,&nbsp; o gestor municipal tem se empenhado ao m\u00e1ximo para cumprir a risca um dos seus compromissos de campanha com a popula\u00e7\u00e3o, em uma das \u00e1reas mais importantes que \u00e9 justamente a da Sa\u00fade. <\/font><font size=\"3\" face=\"Arial\">Mesmo em meio as dificuldades financeiras e a crise que o pa\u00eds enfrenta, o governo municipal tem conseguido manter os mais essenciais servi\u00e7os de sa\u00fade. Destacamos por exemplo, os m\u00e9dicos que atendem 4 dias na semana com plant\u00f5es de 12 e 24 horas, sem contar com os PSFs todos assistidos por m\u00e9dicos inclusive alguns deles Cubanos em uma parceria do programa mais m\u00e9dicos do governo federal.<\/font> <\/p>\n<p align=\"justify\"><font size=\"3\" face=\"Arial\">Outro ponto positivo e de destaque s\u00e3o as cirurgias realizadas no hospital municipal, cirurgias de pequeno, m\u00e9dio e grande porte realizadas por uma junta m\u00e9dica de alta compet\u00eancia, que tem Dr\u00ba. Aristarco, Dr\u00ba Ruy, os enfermeiros Darlenge e Zaneide e os t\u00e9cnicos de enfermagem Arnaldo, Jo\u00e3o Aristides, Salete e Marcos. Esta equipe tem se desdobrado para realizar semanalmente 10 cirurgias, inclusive cirurgias em que os pacientes em outros tempos precisariam se deslocar at\u00e9 a capital pernambucana para ser realizada.<\/font> <\/p>\n<p align=\"justify\"><font size=\"3\" face=\"Arial\">Nesta \u00faltima semana o Sr. Luiz, um dos pacientes a passar por esse processo, relatou que essa j\u00e1 era a quarta cirurgia que estava realizando pela mesma equipe e, diz que tem plena confian\u00e7a e tranquilidade por estar nas m\u00e3os de profissionais competentes. <\/font><font size=\"3\" face=\"Arial\">Para voc\u00ea ficar atento aos plant\u00f5es m\u00e9dicos do hospital veja aqui o quadro:<\/font> <\/p>\n<p align=\"center\"><font size=\"4\" face=\"Arial\"><strong>TER\u00c7A-FEIRA: DR\u00ba \u00c9RICO &#8211; PLANT\u00c3O DE 12 HORAS<\/strong><\/font> <\/p>\n<p align=\"center\"><font size=\"4\" face=\"Arial\"><strong>QUARTA-FEIRA: DR\u00ba CLEUDO &#8211; PLANT\u00c3O DE 24 HORAS<\/strong><\/font> <\/p>\n<p align=\"center\"><font size=\"4\" face=\"Arial\"><strong>SEXTA-FEIRA: DR\u00ba GUILHERME E DR\u00ba ARISTARCO &#8211; PLANT\u00c3O DE 12 HORAS<\/strong><\/font> <\/p>\n<p align=\"center\"><font size=\"4\" face=\"Arial\"><strong>S\u00c1BADO: DR\u00ba GUILHERME &#8211; PLANT\u00c3O DE 12 HORAS.<\/strong><\/font><\/p>\n<div style=\"margin-top: 0px; margin-bottom: 0px;\" class=\"sharethis-inline-share-buttons\" ><\/div>","protected":false},"excerpt":{"rendered":"<p>Desde que assumiu o governo do munic\u00edpio de Salo\u00e1,&nbsp; o gestor municipal tem se empenhado ao m\u00e1ximo para cumprir a risca um dos seus compromissos de campanha com a popula\u00e7\u00e3o, em uma das \u00e1reas mais importantes que \u00e9 justamente a da Sa\u00fade. Mesmo em meio as dificuldades financeiras e a crise que o pa\u00eds enfrenta, [&hellip;]<\/p>\n","protected":false},"author":1,"featured_media":0,"comment_status":"open","ping_status":"open","sticky":false,"template":"","format":"standard","meta":{"footnotes":""},"categories":[2],"tags":[],"class_list":["post-1795","post","type-post","status-publish","format-standard","hentry","category-noticias-do-dia"],"_links":{"self":[{"href":"https:\/\/www.saloanoticias.com\/v1\/wp-json\/wp\/v2\/posts\/1795","targetHints":{"allow":["GET"]}}],"collection":[{"href":"https:\/\/www.saloanoticias.com\/v1\/wp-json\/wp\/v2\/posts"}],"about":[{"href":"https:\/\/www.saloanoticias.com\/v1\/wp-json\/wp\/v2\/types\/post"}],"author":[{"embeddable":true,"href":"https:\/\/www.saloanoticias.com\/v1\/wp-json\/wp\/v2\/users\/1"}],"replies":[{"embeddable":true,"href":"https:\/\/www.saloanoticias.com\/v1\/wp-json\/wp\/v2\/comments?post=1795"}],"version-history":[{"count":0,"href":"https:\/\/www.saloanoticias.com\/v1\/wp-json\/wp\/v2\/posts\/1795\/revisions"}],"wp:attachment":[{"href":"https:\/\/www.saloanoticias.com\/v1\/wp-json\/wp\/v2\/media?parent=1795"}],"wp:term":[{"taxonomy":"category","embeddable":true,"href":"https:\/\/www.saloanoticias.com\/v1\/wp-json\/wp\/v2\/categories?post=1795"},{"taxonomy":"post_tag","embeddable":true,"href":"https:\/\/www.saloanoticias.com\/v1\/wp-json\/wp\/v2\/tags?post=1795"}],"curies":[{"name":"wp","href":"https:\/\/api.w.org\/{rel}","templated":true}]}}