{"id":1793,"date":"2015-05-01T20:00:00","date_gmt":"2015-05-01T20:00:00","guid":{"rendered":"https:\/\/saloanoticias.mrmediaweb.com\/v1\/2015\/05\/01\/policias-de-iati-prenderam-individuo-e-o-autoaram-na-lei-maria-da-penha\/"},"modified":"2015-05-01T20:00:00","modified_gmt":"2015-05-01T20:00:00","slug":"policias-de-iati-prenderam-individuo-e-o-autoaram-na-lei-maria-da-penha","status":"publish","type":"post","link":"https:\/\/www.saloanoticias.com\/v1\/policias-de-iati-prenderam-individuo-e-o-autoaram-na-lei-maria-da-penha\/","title":{"rendered":"POLICIAS DE IAT\u00cd PRENDERAM IND\u00cdVIDUO E O ENQUADRARAM NA LEI MARIA DA PENHA"},"content":{"rendered":"<p align=\"justify\"><font size=\"3\" face=\"Arial\"><a href=\"http:\/\/www.saloanoticias.com\/images\/salo-notcias-8_39a9aeaeabf854b1ca4088ab8094fe08.jpg\"><img loading=\"lazy\" decoding=\"async\" title=\"Salo&aacute; Not&iacute;cias 8\" style=\"border-top: 0px; border-right: 0px; background-image: none; border-bottom: 0px; float: none; padding-top: 0px; padding-left: 0px; margin: 0px auto 10px; border-left: 0px; display: block; padding-right: 0px\" border=\"0\" alt=\"Salo&aacute; Not&iacute;cias 8\" src=\"http:\/\/www.saloanoticias.com\/v1\/wp-content\/uploads\/imagens\/salo-notcias-8_thumb_1f4a5eff3b898b730908da1ee8c2dd57.jpg\" width=\"552\" height=\"343\"><\/a>O indiv\u00edduo conhecido por Rosevan Ludugero de Medeiros, de 32 anos de idade e residente na Rua da Matan\u00e7a na cidade de Iat\u00ed foi preso na manh\u00e3 desta quinta-feira (30), por estar alcoolizado e perturbando a ordem p\u00fablica. Segundo os relatos da PM, o acusado bebeu todas e invadiu a casa da prima que fica na Rua Jos\u00e9 Soares da Costa, quebrou a porta e ainda amea\u00e7ou a mesma, dizendo que iria comprar gasolina e colocar fogo na resid\u00eancia e matar a v\u00edtima bem como suas filhas menores de idade.<\/font><\/p>\n<p align=\"justify\"><font size=\"3\" face=\"Arial\">Recebendo a not\u00edcia crime, o efetivo da PM de Iat\u00ed, que era formado pelo Soldado Brasileiro e o Cabo Couto sa\u00edram em dilig\u00eancia e l\u00e1 chegando viram a confus\u00e3o. Depois de efetuada a pris\u00e3o, o meliante foi conduzido a delegacia regional onde foi lavrado o flagrante. Em tempo, o Cabo Couto afirma que no que depender do efetivo da PM no munic\u00edpio de Iat\u00ed, o crime e os delitos n\u00e3o ir\u00e3o prosperar.<\/font><\/p>\n<div style=\"margin-top: 0px; margin-bottom: 0px;\" class=\"sharethis-inline-share-buttons\" ><\/div>","protected":false},"excerpt":{"rendered":"<p>O indiv\u00edduo conhecido por Rosevan Ludugero de Medeiros, de 32 anos de idade e residente na Rua da Matan\u00e7a na cidade de Iat\u00ed foi preso na manh\u00e3 desta quinta-feira (30), por estar alcoolizado e perturbando a ordem p\u00fablica. Segundo os relatos da PM, o acusado bebeu todas e invadiu a casa da prima que fica [&hellip;]<\/p>\n","protected":false},"author":1,"featured_media":0,"comment_status":"open","ping_status":"open","sticky":false,"template":"","format":"standard","meta":{"footnotes":""},"categories":[2],"tags":[],"class_list":["post-1793","post","type-post","status-publish","format-standard","hentry","category-noticias-do-dia"],"_links":{"self":[{"href":"https:\/\/www.saloanoticias.com\/v1\/wp-json\/wp\/v2\/posts\/1793","targetHints":{"allow":["GET"]}}],"collection":[{"href":"https:\/\/www.saloanoticias.com\/v1\/wp-json\/wp\/v2\/posts"}],"about":[{"href":"https:\/\/www.saloanoticias.com\/v1\/wp-json\/wp\/v2\/types\/post"}],"author":[{"embeddable":true,"href":"https:\/\/www.saloanoticias.com\/v1\/wp-json\/wp\/v2\/users\/1"}],"replies":[{"embeddable":true,"href":"https:\/\/www.saloanoticias.com\/v1\/wp-json\/wp\/v2\/comments?post=1793"}],"version-history":[{"count":0,"href":"https:\/\/www.saloanoticias.com\/v1\/wp-json\/wp\/v2\/posts\/1793\/revisions"}],"wp:attachment":[{"href":"https:\/\/www.saloanoticias.com\/v1\/wp-json\/wp\/v2\/media?parent=1793"}],"wp:term":[{"taxonomy":"category","embeddable":true,"href":"https:\/\/www.saloanoticias.com\/v1\/wp-json\/wp\/v2\/categories?post=1793"},{"taxonomy":"post_tag","embeddable":true,"href":"https:\/\/www.saloanoticias.com\/v1\/wp-json\/wp\/v2\/tags?post=1793"}],"curies":[{"name":"wp","href":"https:\/\/api.w.org\/{rel}","templated":true}]}}