{"id":1792,"date":"2015-05-01T15:00:00","date_gmt":"2015-05-01T15:00:00","guid":{"rendered":"https:\/\/saloanoticias.mrmediaweb.com\/v1\/2015\/05\/01\/mensagem-do-prefeito-ricardo-aos-trabalhadores\/"},"modified":"2015-05-01T15:00:00","modified_gmt":"2015-05-01T15:00:00","slug":"mensagem-do-prefeito-ricardo-aos-trabalhadores","status":"publish","type":"post","link":"https:\/\/www.saloanoticias.com\/v1\/mensagem-do-prefeito-ricardo-aos-trabalhadores\/","title":{"rendered":"MENSAGEM DO PREFEITO RICARDO ALVES AOS TRABALHADORES DE SALO\u00c1"},"content":{"rendered":"<p align=\"justify\"><font size=\"3\" face=\"Arial\"><a href=\"http:\/\/www.saloanoticias.com\/images\/ric2.jpg\"><img loading=\"lazy\" decoding=\"async\" title=\"ric2\" style=\"border-top: 0px; border-right: 0px; background-image: none; border-bottom: 0px; float: none; padding-top: 0px; padding-left: 0px; margin: 0px auto 10px; border-left: 0px; display: block; padding-right: 0px\" border=\"0\" alt=\"ric2\" src=\"http:\/\/www.saloanoticias.com\/v1\/wp-content\/uploads\/imagens\/ric2_thumb.jpg\" width=\"485\" height=\"364\"><\/a>Trabalhadores Saloaenses, e<\/font><font size=\"3\" face=\"Arial\">m 1\u00ba de maio celebramos uma data muito especial, o dia do trabalhador ! <\/font><font size=\"3\" face=\"Arial\">Este \u00e9 um dia de reflex\u00e3o e para avaliarmos nossa participa\u00e7\u00e3o na constru\u00e7\u00e3o de um mundo mais humano. <\/font><font size=\"3\" face=\"Arial\">Nesta data, gostaria de parabenizar cada um de voc\u00eas, cada profissional Saloaense, que com o seu trabalho tornou-se respons\u00e1vel pela constru\u00e7\u00e3o e o desenvolvimento de nosso munic\u00edpio. <\/font><font size=\"3\" face=\"Arial\">O trabalho \u00e9 uma miss\u00e3o pessoal e profissional, que nos motiva a enfrentar os desafios e nos impulsiona a desempenharmos nossos pap\u00e9is da melhor forma poss\u00edvel em prol do bem comum.<\/font> <\/p>\n<p align=\"justify\"><font size=\"3\" face=\"Arial\">Portanto a minha gratid\u00e3o a voc\u00eas, por fazer de Salo\u00e1 um lugar melhor de se viver, com mais dignidade e mais cidadania. <\/font><font size=\"3\" face=\"Arial\">Feliz Dia do Trabalhador !<\/font><\/p>\n<p align=\"center\"><font size=\"4\" face=\"Arial\"><strong>Manoel Ricardo de Andrade Lima Alves<\/strong><\/font><\/p>\n<p align=\"center\"><font size=\"3\" face=\"Arial\"><strong>Prefeito de Salo\u00e1\/PE<\/strong><\/font><\/p>\n<div style=\"margin-top: 0px; margin-bottom: 0px;\" class=\"sharethis-inline-share-buttons\" ><\/div>","protected":false},"excerpt":{"rendered":"<p>Trabalhadores Saloaenses, em 1\u00ba de maio celebramos uma data muito especial, o dia do trabalhador ! Este \u00e9 um dia de reflex\u00e3o e para avaliarmos nossa participa\u00e7\u00e3o na constru\u00e7\u00e3o de um mundo mais humano. Nesta data, gostaria de parabenizar cada um de voc\u00eas, cada profissional Saloaense, que com o seu trabalho tornou-se respons\u00e1vel pela constru\u00e7\u00e3o [&hellip;]<\/p>\n","protected":false},"author":1,"featured_media":0,"comment_status":"open","ping_status":"open","sticky":false,"template":"","format":"standard","meta":{"footnotes":""},"categories":[2],"tags":[],"class_list":["post-1792","post","type-post","status-publish","format-standard","hentry","category-noticias-do-dia"],"_links":{"self":[{"href":"https:\/\/www.saloanoticias.com\/v1\/wp-json\/wp\/v2\/posts\/1792","targetHints":{"allow":["GET"]}}],"collection":[{"href":"https:\/\/www.saloanoticias.com\/v1\/wp-json\/wp\/v2\/posts"}],"about":[{"href":"https:\/\/www.saloanoticias.com\/v1\/wp-json\/wp\/v2\/types\/post"}],"author":[{"embeddable":true,"href":"https:\/\/www.saloanoticias.com\/v1\/wp-json\/wp\/v2\/users\/1"}],"replies":[{"embeddable":true,"href":"https:\/\/www.saloanoticias.com\/v1\/wp-json\/wp\/v2\/comments?post=1792"}],"version-history":[{"count":0,"href":"https:\/\/www.saloanoticias.com\/v1\/wp-json\/wp\/v2\/posts\/1792\/revisions"}],"wp:attachment":[{"href":"https:\/\/www.saloanoticias.com\/v1\/wp-json\/wp\/v2\/media?parent=1792"}],"wp:term":[{"taxonomy":"category","embeddable":true,"href":"https:\/\/www.saloanoticias.com\/v1\/wp-json\/wp\/v2\/categories?post=1792"},{"taxonomy":"post_tag","embeddable":true,"href":"https:\/\/www.saloanoticias.com\/v1\/wp-json\/wp\/v2\/tags?post=1792"}],"curies":[{"name":"wp","href":"https:\/\/api.w.org\/{rel}","templated":true}]}}