{"id":1790,"date":"2015-05-02T10:55:00","date_gmt":"2015-05-02T10:55:00","guid":{"rendered":"https:\/\/saloanoticias.mrmediaweb.com\/v1\/2015\/05\/02\/prefeito-ricardo-alves-resolve-problema-da-agua-da-prata\/"},"modified":"2015-05-02T10:55:00","modified_gmt":"2015-05-02T10:55:00","slug":"prefeito-ricardo-alves-resolve-problema-da-agua-da-prata","status":"publish","type":"post","link":"https:\/\/www.saloanoticias.com\/v1\/prefeito-ricardo-alves-resolve-problema-da-agua-da-prata\/","title":{"rendered":"PREFEITO RICARDO RESOLVE PROBLEMA DA \u00c1GUA DA PRATA"},"content":{"rendered":"<p align=\"justify\"><font size=\"3\" face=\"Arial\"><a href=\"http:\/\/www.saloanoticias.com\/images\/salo-notcias-8_da982840875586728548a984dbb1b36a.jpg\"><img loading=\"lazy\" decoding=\"async\" title=\"Salo&aacute; Not&iacute;cias 8\" style=\"border-left-width: 0px; border-right-width: 0px; background-image: none; border-bottom-width: 0px; float: none; padding-top: 0px; padding-left: 0px; margin: 0px auto 10px; display: block; padding-right: 0px; border-top-width: 0px\" border=\"0\" alt=\"Salo&aacute; Not&iacute;cias 8\" src=\"http:\/\/www.saloanoticias.com\/v1\/wp-content\/uploads\/imagens\/salo-notcias-8_thumb_b6900003ba98c62a2c1b4384e59c96ab.jpg\" width=\"562\" height=\"376\"><\/a>O prefeito de Salo\u00e1, Ricardo (PMDB), pensando sempre no bem estar da popula\u00e7\u00e3o, esteve na Vila de Iatec\u00e1 (Prata) na tarde desta quinta-feira, dia 30 de abril de 2015, para solucionar um problema que vem se arrastando h\u00e1 anos naquela comunidade, a quest\u00e3o do \u201cabastecimento de \u00e1gua\u201d. Pensando nisso, esteve com o Sr. Alberto Godoy, popularmente conhecido como Xilica, propriet\u00e1rio de uma fonte de \u00e1gua boa que serve de abastecimento para a popula\u00e7\u00e3o, o qual cobrava R$ 20,00 (vinte reais) por resid\u00eancia que utilizasse daquela \u00e1gua.<\/font><\/p>\n<p align=\"justify\"><font size=\"3\" face=\"Arial\">O gestor municipal ficou comovido com a situa\u00e7\u00e3o das pessoas por estar tendo que pagar, e, principalmente das que n\u00e3o tinham condi\u00e7\u00f5es de contribuir com a taxa, e por isso, procurou o Sr. Xilica e fez um acerto, no qual, a partir de amanh\u00e3, dia 1\u00ba dia maio, a popula\u00e7\u00e3o n\u00e3o ter\u00e1 mais que pagar pela \u00e1gua utilizada, isso vai ficar agora, por conta da prefeitura municipal. A not\u00edcia agradou e foi motivo de comemora\u00e7\u00e3o pelos moradores da vila que j\u00e1 est\u00e3o agradecendo a atitude honrada do prefeito.<\/font><\/p>\n<p align=\"justify\"><font size=\"3\" face=\"Arial\">Pagamento de \u00e1gua boa na Prata \u00e9 passado, disse o prefeito, que acredita ter feito uma das maiores a\u00e7\u00f5es de sua gest\u00e3o. Desde o in\u00edcio da gest\u00e3o Ricardo vem procurando acabar com a seca na Prata, mas por conta da falta de chuvas na regi\u00e3o as coisas ficaram mais graves. Por este motivo, o gestor arrendou mais esta \u00e1gua que agora ser\u00e1 levada ao povo gratuitamente.<\/font><\/p>\n<div style=\"margin-top: 0px; margin-bottom: 0px;\" class=\"sharethis-inline-share-buttons\" ><\/div>","protected":false},"excerpt":{"rendered":"<p>O prefeito de Salo\u00e1, Ricardo (PMDB), pensando sempre no bem estar da popula\u00e7\u00e3o, esteve na Vila de Iatec\u00e1 (Prata) na tarde desta quinta-feira, dia 30 de abril de 2015, para solucionar um problema que vem se arrastando h\u00e1 anos naquela comunidade, a quest\u00e3o do \u201cabastecimento de \u00e1gua\u201d. Pensando nisso, esteve com o Sr. Alberto Godoy, [&hellip;]<\/p>\n","protected":false},"author":1,"featured_media":0,"comment_status":"open","ping_status":"open","sticky":false,"template":"","format":"standard","meta":{"footnotes":""},"categories":[2],"tags":[],"class_list":["post-1790","post","type-post","status-publish","format-standard","hentry","category-noticias-do-dia"],"_links":{"self":[{"href":"https:\/\/www.saloanoticias.com\/v1\/wp-json\/wp\/v2\/posts\/1790","targetHints":{"allow":["GET"]}}],"collection":[{"href":"https:\/\/www.saloanoticias.com\/v1\/wp-json\/wp\/v2\/posts"}],"about":[{"href":"https:\/\/www.saloanoticias.com\/v1\/wp-json\/wp\/v2\/types\/post"}],"author":[{"embeddable":true,"href":"https:\/\/www.saloanoticias.com\/v1\/wp-json\/wp\/v2\/users\/1"}],"replies":[{"embeddable":true,"href":"https:\/\/www.saloanoticias.com\/v1\/wp-json\/wp\/v2\/comments?post=1790"}],"version-history":[{"count":0,"href":"https:\/\/www.saloanoticias.com\/v1\/wp-json\/wp\/v2\/posts\/1790\/revisions"}],"wp:attachment":[{"href":"https:\/\/www.saloanoticias.com\/v1\/wp-json\/wp\/v2\/media?parent=1790"}],"wp:term":[{"taxonomy":"category","embeddable":true,"href":"https:\/\/www.saloanoticias.com\/v1\/wp-json\/wp\/v2\/categories?post=1790"},{"taxonomy":"post_tag","embeddable":true,"href":"https:\/\/www.saloanoticias.com\/v1\/wp-json\/wp\/v2\/tags?post=1790"}],"curies":[{"name":"wp","href":"https:\/\/api.w.org\/{rel}","templated":true}]}}