{"id":1789,"date":"2015-05-03T11:00:00","date_gmt":"2015-05-03T11:00:00","guid":{"rendered":"https:\/\/saloanoticias.mrmediaweb.com\/v1\/2015\/05\/03\/vereadores-de-iati-visitam-camara-de-saloa\/"},"modified":"2015-05-03T11:00:00","modified_gmt":"2015-05-03T11:00:00","slug":"vereadores-de-iati-visitam-camara-de-saloa","status":"publish","type":"post","link":"https:\/\/www.saloanoticias.com\/v1\/vereadores-de-iati-visitam-camara-de-saloa\/","title":{"rendered":"VEREADORES DE IAT\u00cd VISITARAM A C\u00c2MARA DE SALO\u00c1 NESTA QUINTA-FEIRA (30)"},"content":{"rendered":"<p align=\"justify\"><font size=\"3\" face=\"Arial\"><a href=\"http:\/\/www.saloanoticias.com\/images\/salo-notcias-8_c0847667dc03d7fe61b7a81ccca27f63.jpg\"><img loading=\"lazy\" decoding=\"async\" title=\"Salo&aacute; Not&iacute;cias 8\" style=\"border-left-width: 0px; border-right-width: 0px; background-image: none; border-bottom-width: 0px; float: none; padding-top: 0px; padding-left: 0px; margin: 0px auto 10px; display: block; padding-right: 0px; border-top-width: 0px\" border=\"0\" alt=\"Salo&aacute; Not&iacute;cias 8\" src=\"http:\/\/www.saloanoticias.com\/v1\/wp-content\/uploads\/imagens\/salo-notcias-8_thumb_6f07cbcb4745cb0eeab038340e794c96.jpg\" width=\"602\" height=\"424\"><\/a>Os vereadores da vizinha Iat\u00ed,\/PE, Alc\u00ed Ten\u00f3rio (Presidente), Sebasti\u00e3o Victor (1\u00ba Secret\u00e1rio) e Jos\u00e9lio, fizeram uma grata surpresa aos vereadores da cidade de Salo\u00e1\/PE na tarde desta quinta-feira, dia 30 de abril de 2015. \u00c9 que os edis iatienses fizeram uma visita aos colegas saloaneses, em pleno dia de reuni\u00e3o do legislativo municipal. Eles foram muito bem recepcionados pelo presidente Jos\u00e9 de Fran\u00e7a Leite, o Barba (PDT), que externou aos colegas a satisfa\u00e7\u00e3o em t\u00ea-los na cidade. Durante os trabalhos eles foram convidados a ficar nas cadeiras de honras da c\u00e2mara e assistiram o transcorrer da sess\u00e3o atentamente.<\/font><\/p>\n<p align=\"justify\"><a href=\"http:\/\/www.saloanoticias.com\/images\/salo-notcias-9_f9cc86f510a5e7df5fe72ff6b932afb8.jpg\"><img loading=\"lazy\" decoding=\"async\" title=\"Salo&aacute; Not&iacute;cias 9\" style=\"border-left-width: 0px; border-right-width: 0px; background-image: none; border-bottom-width: 0px; float: none; padding-top: 0px; padding-left: 0px; margin: 10px auto; display: block; padding-right: 0px; border-top-width: 0px\" border=\"0\" alt=\"Salo&aacute; Not&iacute;cias 9\" src=\"http:\/\/www.saloanoticias.com\/v1\/wp-content\/uploads\/imagens\/salo-notcias-9_thumb_41dafdd954429c8cfa6cebea264e80f8.jpg\" width=\"600\" height=\"553\"><\/a><\/p>\n<p align=\"justify\"><font size=\"3\" face=\"Arial\">No grande expediente a palavra foi facultada aos presentes e v\u00e1rios vereadores falaram da import\u00e2ncia daquela visita. Dentre os que falaram estava o vereador Ronaldinho (PSDB) que lembrou os anos que foi suplente em Salo\u00e1 e destacou as pelejas ao lado de Sebasti\u00e3o Vitor quando os mesmos defendiam o aumento de vereadores nas casas legislativas em todo o Brasil. Ferreirinha e Vilma tamb\u00e9m falaram e deram as boas vindas aos nobres pares da cidade vizinha.<\/font><\/p>\n<p align=\"justify\"><font size=\"3\" face=\"Arial\">Alc\u00ed, Sebasti\u00e3o e Jos\u00e9lio tamb\u00e9m usaram o microfone e agradeceram a calorosa receptividade dos colegas. Depois de tudo, todos participaram de uma pequena confraterniza\u00e7\u00e3o na cantina da c\u00e2mara e colocaram os papos em dia. Para o presidente, a visita dos vereadores abre uma porta de interc\u00e2mbios entre as duas casas legislativas. Al\u00e9m dos tr\u00eas vereadores de Iat\u00ed estavam na sess\u00e3o Barba, Vilma, Ferreirinha, Ronaldinho e Tisley.<\/font><\/p>\n<div style=\"margin-top: 0px; margin-bottom: 0px;\" class=\"sharethis-inline-share-buttons\" ><\/div>","protected":false},"excerpt":{"rendered":"<p>Os vereadores da vizinha Iat\u00ed,\/PE, Alc\u00ed Ten\u00f3rio (Presidente), Sebasti\u00e3o Victor (1\u00ba Secret\u00e1rio) e Jos\u00e9lio, fizeram uma grata surpresa aos vereadores da cidade de Salo\u00e1\/PE na tarde desta quinta-feira, dia 30 de abril de 2015. \u00c9 que os edis iatienses fizeram uma visita aos colegas saloaneses, em pleno dia de reuni\u00e3o do legislativo municipal. Eles foram [&hellip;]<\/p>\n","protected":false},"author":1,"featured_media":0,"comment_status":"open","ping_status":"open","sticky":false,"template":"","format":"standard","meta":{"footnotes":""},"categories":[2],"tags":[],"class_list":["post-1789","post","type-post","status-publish","format-standard","hentry","category-noticias-do-dia"],"_links":{"self":[{"href":"https:\/\/www.saloanoticias.com\/v1\/wp-json\/wp\/v2\/posts\/1789","targetHints":{"allow":["GET"]}}],"collection":[{"href":"https:\/\/www.saloanoticias.com\/v1\/wp-json\/wp\/v2\/posts"}],"about":[{"href":"https:\/\/www.saloanoticias.com\/v1\/wp-json\/wp\/v2\/types\/post"}],"author":[{"embeddable":true,"href":"https:\/\/www.saloanoticias.com\/v1\/wp-json\/wp\/v2\/users\/1"}],"replies":[{"embeddable":true,"href":"https:\/\/www.saloanoticias.com\/v1\/wp-json\/wp\/v2\/comments?post=1789"}],"version-history":[{"count":0,"href":"https:\/\/www.saloanoticias.com\/v1\/wp-json\/wp\/v2\/posts\/1789\/revisions"}],"wp:attachment":[{"href":"https:\/\/www.saloanoticias.com\/v1\/wp-json\/wp\/v2\/media?parent=1789"}],"wp:term":[{"taxonomy":"category","embeddable":true,"href":"https:\/\/www.saloanoticias.com\/v1\/wp-json\/wp\/v2\/categories?post=1789"},{"taxonomy":"post_tag","embeddable":true,"href":"https:\/\/www.saloanoticias.com\/v1\/wp-json\/wp\/v2\/tags?post=1789"}],"curies":[{"name":"wp","href":"https:\/\/api.w.org\/{rel}","templated":true}]}}