{"id":1788,"date":"2015-04-30T13:56:19","date_gmt":"2015-04-30T13:56:19","guid":{"rendered":"https:\/\/saloanoticias.mrmediaweb.com\/v1\/2015\/04\/30\/policiais-de-saloa-efetuaram-mais-uma-prisao\/"},"modified":"2015-04-30T13:56:19","modified_gmt":"2015-04-30T13:56:19","slug":"policiais-de-saloa-efetuaram-mais-uma-prisao","status":"publish","type":"post","link":"https:\/\/www.saloanoticias.com\/v1\/policiais-de-saloa-efetuaram-mais-uma-prisao\/","title":{"rendered":"POLICIAIS DE SALO\u00c1 EFETUARAM MAIS UMA PRIS\u00c3O NA MANH\u00c3 DESTA QUINTA-FEIRA"},"content":{"rendered":"<p align=\"justify\"><font size=\"3\" face=\"Arial\"><a href=\"http:\/\/www.saloanoticias.com\/images\/salo-notcias-8_43eb958a1f4006c0bcd81b03752df738.jpg\"><img loading=\"lazy\" decoding=\"async\" title=\"Salo&aacute; Not&iacute;cias 8\" style=\"border-left-width: 0px; border-right-width: 0px; background-image: none; border-bottom-width: 0px; float: none; padding-top: 0px; padding-left: 0px; margin: 0px auto 10px; display: block; padding-right: 0px; border-top-width: 0px\" border=\"0\" alt=\"Salo&aacute; Not&iacute;cias 8\" src=\"http:\/\/www.saloanoticias.com\/v1\/wp-content\/uploads\/imagens\/salo-notcias-8_thumb_7fbebe9348820ed409302c2d2b64e59b.jpg\" width=\"529\" height=\"364\"><\/a>Os policiais militares da cidade de Salo\u00e1 est\u00e3o em constante alerta para os acontecimentos no munic\u00edpio, e por isso, n\u00e3o tem dado tr\u00e9gua nem espa\u00e7o aos que querem deturpar a ordem p\u00fablica. Na manh\u00e3 desta quinta-feira (30), os cabos \u00cdndio Cigano e Rivelino efetuaram mais uma pris\u00e3o em flagrante, dessa vez foi pego a pessoa de Dami\u00e3o Francisco dos Santos, conhecido simplesmente por Dami\u00e3o, de 44 anos de idade e morador do bairro da Cohab Nova. Ele est\u00e1 sendo acusado de efetuar v\u00e1rios disparos de arma de fogo na porta de uma resid\u00eancia na Cohab.<\/font><\/p>\n<p align=\"justify\"><font size=\"3\" face=\"Arial\">Dami\u00e3o foi pego com um rev\u00f3lver na cintura na manh\u00e3 desta quinta e n\u00e3o esbou\u00e7ou nenhuma rea\u00e7\u00e3o \u00e0 pris\u00e3o. O acusado foi conduzido a delegacia de pol\u00edcia civil local onde est\u00e1 sendo elaborado o flagrante do mesmo. Destacamos mais uma vez a atua\u00e7\u00e3o da equipe do Cabo \u00cdndio Cigano e do Cabo Rivaelino que est\u00e3o sempre na ativa, acabando assim com a farra dos desordeiros.<\/font><\/p>\n<div style=\"margin-top: 0px; margin-bottom: 0px;\" class=\"sharethis-inline-share-buttons\" ><\/div>","protected":false},"excerpt":{"rendered":"<p>Os policiais militares da cidade de Salo\u00e1 est\u00e3o em constante alerta para os acontecimentos no munic\u00edpio, e por isso, n\u00e3o tem dado tr\u00e9gua nem espa\u00e7o aos que querem deturpar a ordem p\u00fablica. Na manh\u00e3 desta quinta-feira (30), os cabos \u00cdndio Cigano e Rivelino efetuaram mais uma pris\u00e3o em flagrante, dessa vez foi pego a pessoa [&hellip;]<\/p>\n","protected":false},"author":1,"featured_media":0,"comment_status":"open","ping_status":"open","sticky":false,"template":"","format":"standard","meta":{"footnotes":""},"categories":[2],"tags":[],"class_list":["post-1788","post","type-post","status-publish","format-standard","hentry","category-noticias-do-dia"],"_links":{"self":[{"href":"https:\/\/www.saloanoticias.com\/v1\/wp-json\/wp\/v2\/posts\/1788","targetHints":{"allow":["GET"]}}],"collection":[{"href":"https:\/\/www.saloanoticias.com\/v1\/wp-json\/wp\/v2\/posts"}],"about":[{"href":"https:\/\/www.saloanoticias.com\/v1\/wp-json\/wp\/v2\/types\/post"}],"author":[{"embeddable":true,"href":"https:\/\/www.saloanoticias.com\/v1\/wp-json\/wp\/v2\/users\/1"}],"replies":[{"embeddable":true,"href":"https:\/\/www.saloanoticias.com\/v1\/wp-json\/wp\/v2\/comments?post=1788"}],"version-history":[{"count":0,"href":"https:\/\/www.saloanoticias.com\/v1\/wp-json\/wp\/v2\/posts\/1788\/revisions"}],"wp:attachment":[{"href":"https:\/\/www.saloanoticias.com\/v1\/wp-json\/wp\/v2\/media?parent=1788"}],"wp:term":[{"taxonomy":"category","embeddable":true,"href":"https:\/\/www.saloanoticias.com\/v1\/wp-json\/wp\/v2\/categories?post=1788"},{"taxonomy":"post_tag","embeddable":true,"href":"https:\/\/www.saloanoticias.com\/v1\/wp-json\/wp\/v2\/tags?post=1788"}],"curies":[{"name":"wp","href":"https:\/\/api.w.org\/{rel}","templated":true}]}}