{"id":1787,"date":"2015-04-30T13:00:00","date_gmt":"2015-04-30T13:00:00","guid":{"rendered":"https:\/\/saloanoticias.mrmediaweb.com\/v1\/2015\/04\/30\/esportes-ceara-e-campeao-do-nordeste-e-santa-fica-no-empata-em-salgueiro\/"},"modified":"2015-04-30T13:00:00","modified_gmt":"2015-04-30T13:00:00","slug":"esportes-ceara-e-campeao-do-nordeste-e-santa-fica-no-empata-em-salgueiro","status":"publish","type":"post","link":"https:\/\/www.saloanoticias.com\/v1\/esportes-ceara-e-campeao-do-nordeste-e-santa-fica-no-empata-em-salgueiro\/","title":{"rendered":"ESPORTES: CEAR\u00c1 \u00c9 CAMPE\u00c3O DO NORDESTE E SANTA FICA NO EMPATA EM SALGUEIRO"},"content":{"rendered":"<p align=\"justify\"><font size=\"3\" face=\"Arial\"><a href=\"http:\/\/www.saloanoticias.com\/images\/salo-notcias-8_0ef8383b8658fc994efd0da793b1078c.jpg\"><img loading=\"lazy\" decoding=\"async\" title=\"Salo&aacute; Not&iacute;cias 8\" style=\"border-top: 0px; border-right: 0px; background-image: none; border-bottom: 0px; float: none; padding-top: 0px; padding-left: 0px; margin: 0px auto 10px; border-left: 0px; display: block; padding-right: 0px\" border=\"0\" alt=\"Salo&aacute; Not&iacute;cias 8\" src=\"http:\/\/www.saloanoticias.com\/v1\/wp-content\/uploads\/imagens\/salo-notcias-8_thumb_55d8a8dcddba79b23c17a67a509c5c85.jpg\" width=\"557\" height=\"378\"><\/a>Um t\u00edtulo incontest\u00e1vel. Atuando com a maturidade dos grandes campe\u00f5es, o Cear\u00e1 venceu mais uma vez o Bahia, agora por 2 a 1 no Castel\u00e3o, e conquistou ontem \u00e0 noite o t\u00edtulo da Copa do Nordeste 2015. <\/font><font size=\"3\" face=\"Arial\">O Vov\u00f4 coroou uma campanha perfeita &#8211; o t\u00edtulo veio de forma invicta &#8211; com uma vit\u00f3ria categ\u00f3rica que deixou sua torcida orgulhosa, ela que lotou as arquibancadas do Castel\u00e3o e fez uma festa inesquec\u00edvel. A massa alvinegra proporcionou ao Estado o maior p\u00fablico do Pa\u00eds no ano e o recorde do est\u00e1dio, com 63.339 pagantes.<\/font> <\/p>\n<p align=\"justify\"><font size=\"3\" face=\"Arial\">Al\u00e9m de comemorar o t\u00edtulo regional, o Cear\u00e1 tamb\u00e9m garante uma vaga na Copa Sul-Americana deste ano, retornando ao torneio onde esteve em 2011. <\/font><font size=\"3\" face=\"Arial\">E quis o destino que o time de melhor defesa da competi\u00e7\u00e3o fosse campe\u00e3o com gols dos zagueiros Charles e Gilvan, ambos de cabe\u00e7a e um em cada tempo. <\/font><font size=\"3\" face=\"Arial\">E esse sistema defensivo precisou trabalhar muito j\u00e1 nos minutos iniciais do confronto, quando o Bahia, em desvantagem pela derrota de 1 a 0 em casa, foi para cima de forma perigosa.<\/font> <\/p>\n<p align=\"justify\"><font size=\"3\" face=\"Arial\">Mas ao segurar o \u00edmpeto inicial do Esquadr\u00e3o de A\u00e7o baiano, o Cear\u00e1 passou a controlar o duelo, com o bom toque de bola que lhe \u00e9 caracter\u00edstico. <\/font><font size=\"3\" face=\"Arial\">J\u00e1 dominando a partida, time da casa fez seu primeiro gol ap\u00f3s cruzamento de Ricardinho e cabe\u00e7ada fulminante de Charles. O gol deu mais tranquilidade para o Cear\u00e1 dominar at\u00e9 o fim do primeiro tempo. E mal come\u00e7ou o segundo, o Vov\u00f4 ampliou em lance parecido, agora em cabe\u00e7ada de Gilvan ap\u00f3s cobran\u00e7a de escanteio: 2 a 0.<\/font> <\/p>\n<p align=\"justify\"><font size=\"3\" face=\"Arial\">Depois disso, os minutos seguintes foram apenas protocolares, at\u00e9 o Bahia diminuir ap\u00f3s descuido de Lu\u00eds Carlos, aos 44. Mas o grito de campe\u00e3o da torcida alvinegra j\u00e1 n\u00e3o tinha mais como ser contido.<\/font> <\/p>\n<p align=\"justify\"><font size=\"3\" face=\"Arial\"><strong><font size=\"4\"><a href=\"http:\/\/www.saloanoticias.com\/images\/salo-notcias-8_369b9fd7fa017b351054445c68fbbd60.jpg\"><img loading=\"lazy\" decoding=\"async\" title=\"Salo&aacute; Not&iacute;cias 8\" style=\"border-top: 0px; border-right: 0px; background-image: none; border-bottom: 0px; float: none; padding-top: 0px; padding-left: 0px; margin: 0px auto 10px; border-left: 0px; display: block; padding-right: 0px\" border=\"0\" alt=\"Salo&aacute; Not&iacute;cias 8\" src=\"http:\/\/www.saloanoticias.com\/v1\/wp-content\/uploads\/imagens\/salo-notcias-8_thumb_af2c79ba6f02bb6f747d34719eb46389.jpg\" width=\"538\" height=\"359\"><\/a>SANTA CRUZ E SALGUEIRO FAZEM A FINAL DO PERNAMBUCANO<\/font><\/strong>&nbsp; &#8211;&nbsp; <\/font><font size=\"3\" face=\"Arial\">Pegou, s\u00f3 faltou matar e comer. Na hist\u00f3rica final do Campeonato Pernambucano 2015, o Carcar\u00e1 falhou na sua empreitada e n\u00e3o conseguiu abater de vez a sua presa, que escapou para Recife, o seu habitat natural, para decidir a grande batalha final, domingo, no Arruda. No primeiro encontro, ontem, no Corn\u00e9lio de Barros, o Salgueiro teve tudo para aplicar uma bela ferida na Cobral, mas desperdi\u00e7ou grandes chances, inclusive um p\u00eanalti, e o jogo acabou 0\u00d70.<\/font> <\/p>\n<p align=\"justify\"><font size=\"3\" face=\"Arial\">Com isso, os times ter\u00e3o tr\u00eas dias para se recuperar at\u00e9 o segundo e decisivo jogo. Como n\u00e3o h\u00e1 o chamado \u201cgol qualificado\u201d. Com isso, qualquer empate no Jos\u00e9 do R\u00eago Maciel e a disputa ser\u00e1 nas penalidades m\u00e1xima. Vit\u00f3ria simples para qualquer lado d\u00e1 o trof\u00e9u ao vencedor. <\/font><font size=\"3\" face=\"Arial\">E a li\u00e7\u00e3o tomada pelo Sport parece ter servido para o Santa Cruz. Mesmo com Anderson Aquino \u00e0 disposi\u00e7\u00e3o, o treinador Ricardinho preferiu repetir o esquema cauteloso que utilizou no \u00faltimo jogo contra o Central, o 4-5-1, com apenas Betinho no setor de ataque.<\/font> <\/p>\n<p align=\"justify\"><font size=\"3\" face=\"Arial\">Por\u00e9m, para n\u00e3o ficar apenas esperando o Carcar\u00e1 e ter uma forma de agredir o advers\u00e1rio tamb\u00e9m, ele permaneceu com tr\u00eas meias na arma\u00e7\u00e3o. E durante os primeiros 15 minutos esse desenho t\u00e1tico funcionou perfeitamente. Na base da \u201cafoba\u00e7\u00e3o\u201d, o Carcar\u00e1 era presa f\u00e1cil e a Cobra Coral dava os seus botes. O melhor deles foi logo aos sete minutos, quando Emerson Santos saiu de frente para Luciano, mas chutou mal. <\/font><font size=\"3\" face=\"Arial\">A inten\u00e7\u00e3o de dominar o meio de campo funcionava, mas o Santa Cruz n\u00e3o aguentou o ritmo e os passes errados do volante Bileu, um dos piores em campo.<\/font> <\/p>\n<p align=\"justify\"><font size=\"3\" face=\"Arial\">Com isso, os sertanejos foram se soltando, com Rodolfo Potiguar tomando conta da \u201ccozinha\u201d e Valdeir mandando na cria\u00e7\u00e3o. E a primeira grande chance nasceu dos p\u00e9s dele. Aos 31, ele achou L\u00facio por tr\u00e1s da zaga, mas o veterano foi displicente ao tentar encobrir Fred com um toque fraco, facilitando a defesa. Por\u00e9m, seis minutos depois, veio a melhor delas. Em outro lan\u00e7amento nas costas dos defensores, Marcelo de Lima Henrique viu falta de Alem\u00e3o em Kanu dentro da \u00e1rea e marcou p\u00eanalti.<\/font> <\/p>\n<p align=\"justify\"><font size=\"3\" face=\"Arial\">Na cobran\u00e7a, Rog\u00e9rio Para\u00edba, que tinha convertido duas penalidades m\u00e1ximas contra o Sport, na semifinal, correu cheio de confian\u00e7a, mas carimbou a trave, para decep\u00e7\u00e3o geral no Corn\u00e9lio de Barros. <\/font><font size=\"3\" face=\"Arial\">Sem Tiago Costa, que deixou o campo lesionado ainda no primeiro tempo, o Salgueiro se manteve superior na etapa final. Logo aos cinco minutos, Rog\u00e9rio Para\u00edba emendou chute da entrada da \u00e1rea e mandou para fora. Precavido, Ricardinho tratou de tapar os espa\u00e7os no meio e sacou o cansado Biteco para o volante \u00c9dson Sitta, passando a atuar com tr\u00eas marcadores no meio. A inten\u00e7\u00e3o foi boa, mas pouco mudou na pr\u00e1tica.<\/font> <\/p>\n<p align=\"justify\"><font size=\"3\" face=\"Arial\">Ao contr\u00e1rio, o Carcar\u00e1 passou a pressionar ainda mais o acuado Tricolor. Aos 24, um lance inacredit\u00e1vel. Ap\u00f3s cruzamento rasteiro, Fred soltou rasteiro, Berger se atrapalhou no rebote e a bola sobrou para L\u00facio chutar e Renatinho salvar em cima da linha. Com tantas chances perdidas, ficou um clima de decep\u00e7\u00e3o por parte dos sertanejos.<\/font><\/p>\n<div style=\"margin-top: 0px; margin-bottom: 0px;\" class=\"sharethis-inline-share-buttons\" ><\/div>","protected":false},"excerpt":{"rendered":"<p>Um t\u00edtulo incontest\u00e1vel. Atuando com a maturidade dos grandes campe\u00f5es, o Cear\u00e1 venceu mais uma vez o Bahia, agora por 2 a 1 no Castel\u00e3o, e conquistou ontem \u00e0 noite o t\u00edtulo da Copa do Nordeste 2015. O Vov\u00f4 coroou uma campanha perfeita &#8211; o t\u00edtulo veio de forma invicta &#8211; com uma vit\u00f3ria categ\u00f3rica [&hellip;]<\/p>\n","protected":false},"author":1,"featured_media":0,"comment_status":"open","ping_status":"open","sticky":false,"template":"","format":"standard","meta":{"footnotes":""},"categories":[2],"tags":[],"class_list":["post-1787","post","type-post","status-publish","format-standard","hentry","category-noticias-do-dia"],"_links":{"self":[{"href":"https:\/\/www.saloanoticias.com\/v1\/wp-json\/wp\/v2\/posts\/1787","targetHints":{"allow":["GET"]}}],"collection":[{"href":"https:\/\/www.saloanoticias.com\/v1\/wp-json\/wp\/v2\/posts"}],"about":[{"href":"https:\/\/www.saloanoticias.com\/v1\/wp-json\/wp\/v2\/types\/post"}],"author":[{"embeddable":true,"href":"https:\/\/www.saloanoticias.com\/v1\/wp-json\/wp\/v2\/users\/1"}],"replies":[{"embeddable":true,"href":"https:\/\/www.saloanoticias.com\/v1\/wp-json\/wp\/v2\/comments?post=1787"}],"version-history":[{"count":0,"href":"https:\/\/www.saloanoticias.com\/v1\/wp-json\/wp\/v2\/posts\/1787\/revisions"}],"wp:attachment":[{"href":"https:\/\/www.saloanoticias.com\/v1\/wp-json\/wp\/v2\/media?parent=1787"}],"wp:term":[{"taxonomy":"category","embeddable":true,"href":"https:\/\/www.saloanoticias.com\/v1\/wp-json\/wp\/v2\/categories?post=1787"},{"taxonomy":"post_tag","embeddable":true,"href":"https:\/\/www.saloanoticias.com\/v1\/wp-json\/wp\/v2\/tags?post=1787"}],"curies":[{"name":"wp","href":"https:\/\/api.w.org\/{rel}","templated":true}]}}