{"id":1786,"date":"2015-04-30T10:00:00","date_gmt":"2015-04-30T10:00:00","guid":{"rendered":"https:\/\/saloanoticias.mrmediaweb.com\/v1\/2015\/04\/30\/termina-hoje-o-prazo-para-declaracao-do-imposto-de-renda\/"},"modified":"2015-04-30T10:00:00","modified_gmt":"2015-04-30T10:00:00","slug":"termina-hoje-o-prazo-para-declaracao-do-imposto-de-renda","status":"publish","type":"post","link":"https:\/\/www.saloanoticias.com\/v1\/termina-hoje-o-prazo-para-declaracao-do-imposto-de-renda\/","title":{"rendered":"TERMINA HOJE O PRAZO PARA DECLARA\u00c7\u00c3O DO IMPOSTO DE RENDA"},"content":{"rendered":"<p align=\"justify\"><font size=\"3\" face=\"Arial\"><a href=\"http:\/\/www.saloanoticias.com\/images\/ir_52240d512f492aa223a5f33f60fc2361.png\"><img loading=\"lazy\" decoding=\"async\" title=\"IR\" style=\"border-top: 0px; border-right: 0px; background-image: none; border-bottom: 0px; float: left; padding-top: 0px; padding-left: 0px; margin: 5px 5px 0px 0px; border-left: 0px; display: inline; padding-right: 0px\" border=\"0\" alt=\"IR\" src=\"http:\/\/www.saloanoticias.com\/v1\/wp-content\/uploads\/imagens\/ir_thumb_6a00abff2288feb1dea71c0e32310f57.png\" width=\"205\" align=\"left\" height=\"176\"><\/a>Acaba \u00e0 meia-noite desta quinta-feira o prazo de entrega da declara\u00e7\u00e3o do Imposto de Renda 2015, referente aos rendimentos recebidos em 2014. Quem perder o prazo paga multa m\u00ednima de R$ 165,74 e m\u00e1xima de 20% do imposto devido. Portanto, mesmo quem n\u00e3o est\u00e1 com todos os dados de que precisa para fechar a declara\u00e7\u00e3o deve enviar a presta\u00e7\u00e3o de contas como est\u00e1 para se livrar da puni\u00e7\u00e3o e, depois, retificar o formul\u00e1rio. <\/font><font size=\"3\" face=\"Arial\">N\u00e3o h\u00e1 prazo para a corre\u00e7\u00e3o, mas o ideal \u00e9 que seja feito o mais rapidamente poss\u00edvel, para evitar cair na malha fina. O Fisco espera receber 27,5 milh\u00f5es de declara\u00e7\u00f5es at\u00e9 esta quinta-feira. <\/font> <\/p>\n<p align=\"justify\"><font size=\"3\" face=\"Arial\">Devem apresentar a presta\u00e7\u00e3o de contas as pessoas f\u00edsicas cujos rendimentos tribut\u00e1veis tenham ficado acima de R$ 26.816,55 no ano. Tamb\u00e9m devem declarar aqueles que tiveram rendimentos isentos, n\u00e3o-tribut\u00e1veis ou tributados exclusivamente na fonte cuja soma tenha sido superior a R$ 40 mil em 2014, ou tiveram ganhos de capital na venda de bens ou com opera\u00e7\u00f5es em Bolsa, receita de atividade rural acima de R$ 134.082,75 e bens ou direitos acima de R$ 300 mil.<\/font><\/p>\n<p align=\"justify\"><font size=\"3\" face=\"Arial\">Os contribuintes podem apresentar a declara\u00e7\u00e3o nas vers\u00f5es completa ou simplificada. Na declara\u00e7\u00e3o completa \u00e9 poss\u00edvel detalhar e deduzir despesas m\u00e9dicas, com educa\u00e7\u00e3o e empregados dom\u00e9sticos, a melhor op\u00e7\u00e3o para quem tem recibos desses gastos em soma maior que 20% do rendimento anual. <\/font><font size=\"3\" face=\"Arial\">J\u00e1 no modelo simplificado, que n\u00e3o exige a comprova\u00e7\u00e3o das despesas, h\u00e1 uma dedu\u00e7\u00e3o autom\u00e1tica de 20% do rendimento anual, com o limite de R$ 15.880,89. No fim do processo, \u00e9 poss\u00edvel simular o modelo mais vantajoso para cada perfil de contribuinte. <\/font> <\/p>\n<p align=\"justify\"><font size=\"3\" face=\"Arial\">Al\u00e9m de despesas m\u00e9dicas e com educa\u00e7\u00e3o, o contribuinte que optar pela declara\u00e7\u00e3o completa pode deduzir pens\u00e3o aliment\u00edcia e dependentes, como c\u00f4njuge e filhos ou enteados. No caso deste \u00faltimo, eles devem ter at\u00e9 21 anos, ou at\u00e9 24 anos, desde que cursando ensino superior ou t\u00e9cnico, sendo tamb\u00e9m enquadrados aqueles que sejam considerados incapacitados para o trabalho. <\/font><font size=\"3\" face=\"Arial\">Irm\u00e3os, netos ou bisnetos que n\u00e3o estejam sob a prote\u00e7\u00e3o dos pais tamb\u00e9m podem ser inclu\u00eddos, assim como pais, av\u00f3s ou bisav\u00f3s que tenham recebido at\u00e9 R$ 21.453,24 em 2014, menor pobre de at\u00e9 21 anos cuja guarda seja do contribuinte ou mesmo pessoas julgadas absolutamente incapaz, do qual o contribuinte seja curador ou tutor.<\/font><\/p>\n<div style=\"margin-top: 0px; margin-bottom: 0px;\" class=\"sharethis-inline-share-buttons\" ><\/div>","protected":false},"excerpt":{"rendered":"<p>Acaba \u00e0 meia-noite desta quinta-feira o prazo de entrega da declara\u00e7\u00e3o do Imposto de Renda 2015, referente aos rendimentos recebidos em 2014. Quem perder o prazo paga multa m\u00ednima de R$ 165,74 e m\u00e1xima de 20% do imposto devido. Portanto, mesmo quem n\u00e3o est\u00e1 com todos os dados de que precisa para fechar a declara\u00e7\u00e3o [&hellip;]<\/p>\n","protected":false},"author":1,"featured_media":0,"comment_status":"open","ping_status":"open","sticky":false,"template":"","format":"standard","meta":{"footnotes":""},"categories":[2],"tags":[],"class_list":["post-1786","post","type-post","status-publish","format-standard","hentry","category-noticias-do-dia"],"_links":{"self":[{"href":"https:\/\/www.saloanoticias.com\/v1\/wp-json\/wp\/v2\/posts\/1786","targetHints":{"allow":["GET"]}}],"collection":[{"href":"https:\/\/www.saloanoticias.com\/v1\/wp-json\/wp\/v2\/posts"}],"about":[{"href":"https:\/\/www.saloanoticias.com\/v1\/wp-json\/wp\/v2\/types\/post"}],"author":[{"embeddable":true,"href":"https:\/\/www.saloanoticias.com\/v1\/wp-json\/wp\/v2\/users\/1"}],"replies":[{"embeddable":true,"href":"https:\/\/www.saloanoticias.com\/v1\/wp-json\/wp\/v2\/comments?post=1786"}],"version-history":[{"count":0,"href":"https:\/\/www.saloanoticias.com\/v1\/wp-json\/wp\/v2\/posts\/1786\/revisions"}],"wp:attachment":[{"href":"https:\/\/www.saloanoticias.com\/v1\/wp-json\/wp\/v2\/media?parent=1786"}],"wp:term":[{"taxonomy":"category","embeddable":true,"href":"https:\/\/www.saloanoticias.com\/v1\/wp-json\/wp\/v2\/categories?post=1786"},{"taxonomy":"post_tag","embeddable":true,"href":"https:\/\/www.saloanoticias.com\/v1\/wp-json\/wp\/v2\/tags?post=1786"}],"curies":[{"name":"wp","href":"https:\/\/api.w.org\/{rel}","templated":true}]}}