{"id":1785,"date":"2015-04-30T13:30:00","date_gmt":"2015-04-30T13:30:00","guid":{"rendered":"https:\/\/saloanoticias.mrmediaweb.com\/v1\/2015\/04\/30\/gabarito-final-do-concurso-de-saloa-sera-divulgado-nesta-quinta-30\/"},"modified":"2015-04-30T13:30:00","modified_gmt":"2015-04-30T13:30:00","slug":"gabarito-final-do-concurso-de-saloa-sera-divulgado-nesta-quinta-30","status":"publish","type":"post","link":"https:\/\/www.saloanoticias.com\/v1\/gabarito-final-do-concurso-de-saloa-sera-divulgado-nesta-quinta-30\/","title":{"rendered":"GABARITO FINAL DO CONCURSO DE SALO\u00c1 SER\u00c1 DIVULGADO NESTA QUINTA (30)"},"content":{"rendered":"<p align=\"justify\"><font size=\"3\" face=\"Arial\"><a href=\"http:\/\/www.saloanoticias.com\/images\/prefeitura-de-salo_3f989018c7e8928e5f931a81660fb4d2.jpg\"><img loading=\"lazy\" decoding=\"async\" title=\"Prefeitura de Salo&aacute;\" style=\"border-top: 0px; border-right: 0px; background-image: none; border-bottom: 0px; float: left; padding-top: 0px; padding-left: 0px; margin: 5px 5px 0px 0px; border-left: 0px; display: inline; padding-right: 0px\" border=\"0\" alt=\"Prefeitura de Salo&aacute;\" src=\"http:\/\/www.saloanoticias.com\/v1\/wp-content\/uploads\/imagens\/prefeitura-de-salo_thumb_0ee66613b758077ebf49c93a8d3b3fd7.jpg\" width=\"201\" align=\"left\" height=\"181\"><\/a>Sai nesta quinta-feira (30) a divulga\u00e7\u00e3o do gabarito final das provas objetivas e do resultado preliminar das provas de t\u00edtulos e eperi\u00eancia pofissional. A data que havia sido marcada, anteriormente para o dia 10\/04 foi prorrogada a partir do quinto edital de altera\u00e7\u00e3o. O resultado dever\u00e1 estar na p\u00e1gina da prefeitura de Salo\u00e1 (<\/font><a href=\"http:\/\/www.saloa.pe.gov.br\/\"><font size=\"3\" face=\"Arial\">www.saloa.pe.gov.br<\/font><\/a><font size=\"3\" face=\"Arial\">) ainda hoje, assim como na p\u00e1gina do Instituto Adm&amp;Tec (<\/font><a href=\"http:\/\/www.admtec.org.br\/\"><font size=\"3\" face=\"Arial\">www.admtec.org.br<\/font><\/a><font size=\"3\" face=\"Arial\">). <\/font><font size=\"3\" face=\"Arial\">O novo edital tamb\u00e9m marca a data da prova pratica para operador de m\u00e1quina para o dia 10 de maio. E a divulga\u00e7\u00e3o do resultado final para o dia 22.<\/font>  <\/p>\n<p align=\"justify\"><font size=\"3\" face=\"Arial\">O Governo Municipal de Salo\u00e1 informa que as altera\u00e7\u00f5es foram necess\u00e1rias com o objetivo de atender aos princ\u00edpios de isonomia, legalidade, impessoalidade, moralidade, finalidade, publicidade e efici\u00eancia da Administra\u00e7\u00e3o P\u00fablica. <\/font><font size=\"3\" face=\"Arial\">Segundo Tito Sales, do Instituo Adm&amp;Tec todas as informa\u00e7\u00f5es est\u00e3o sendo disponibilizadas no site da prefeitura e do pr\u00f3prio Instituto, para garantir aos concurseiros todos os esclarecimentos necess\u00e1rios.<\/font><\/p>\n<div style=\"margin-top: 0px; margin-bottom: 0px;\" class=\"sharethis-inline-share-buttons\" ><\/div>","protected":false},"excerpt":{"rendered":"<p>Sai nesta quinta-feira (30) a divulga\u00e7\u00e3o do gabarito final das provas objetivas e do resultado preliminar das provas de t\u00edtulos e eperi\u00eancia pofissional. A data que havia sido marcada, anteriormente para o dia 10\/04 foi prorrogada a partir do quinto edital de altera\u00e7\u00e3o. O resultado dever\u00e1 estar na p\u00e1gina da prefeitura de Salo\u00e1 (www.saloa.pe.gov.br) ainda [&hellip;]<\/p>\n","protected":false},"author":1,"featured_media":0,"comment_status":"open","ping_status":"open","sticky":false,"template":"","format":"standard","meta":{"footnotes":""},"categories":[2],"tags":[],"class_list":["post-1785","post","type-post","status-publish","format-standard","hentry","category-noticias-do-dia"],"_links":{"self":[{"href":"https:\/\/www.saloanoticias.com\/v1\/wp-json\/wp\/v2\/posts\/1785","targetHints":{"allow":["GET"]}}],"collection":[{"href":"https:\/\/www.saloanoticias.com\/v1\/wp-json\/wp\/v2\/posts"}],"about":[{"href":"https:\/\/www.saloanoticias.com\/v1\/wp-json\/wp\/v2\/types\/post"}],"author":[{"embeddable":true,"href":"https:\/\/www.saloanoticias.com\/v1\/wp-json\/wp\/v2\/users\/1"}],"replies":[{"embeddable":true,"href":"https:\/\/www.saloanoticias.com\/v1\/wp-json\/wp\/v2\/comments?post=1785"}],"version-history":[{"count":0,"href":"https:\/\/www.saloanoticias.com\/v1\/wp-json\/wp\/v2\/posts\/1785\/revisions"}],"wp:attachment":[{"href":"https:\/\/www.saloanoticias.com\/v1\/wp-json\/wp\/v2\/media?parent=1785"}],"wp:term":[{"taxonomy":"category","embeddable":true,"href":"https:\/\/www.saloanoticias.com\/v1\/wp-json\/wp\/v2\/categories?post=1785"},{"taxonomy":"post_tag","embeddable":true,"href":"https:\/\/www.saloanoticias.com\/v1\/wp-json\/wp\/v2\/tags?post=1785"}],"curies":[{"name":"wp","href":"https:\/\/api.w.org\/{rel}","templated":true}]}}