{"id":1784,"date":"2015-04-30T01:14:39","date_gmt":"2015-04-30T01:14:39","guid":{"rendered":"https:\/\/saloanoticias.mrmediaweb.com\/v1\/2015\/04\/30\/danilo-cabral-de-idade-nova-nesta-quarta-29\/"},"modified":"2015-04-30T01:14:39","modified_gmt":"2015-04-30T01:14:39","slug":"danilo-cabral-de-idade-nova-nesta-quarta-29","status":"publish","type":"post","link":"https:\/\/www.saloanoticias.com\/v1\/danilo-cabral-de-idade-nova-nesta-quarta-29\/","title":{"rendered":"DANILO CABRAL DE IDADE NOVA HOJE (29)"},"content":{"rendered":"<p align=\"justify\"><font size=\"3\" face=\"Arial\"><a href=\"http:\/\/www.saloanoticias.com\/images\/salo-notcias-8_d030dfbe3e3fd77540072fc42b53e57d.jpg\"><img loading=\"lazy\" decoding=\"async\" title=\"20\/07\/2014. Credito: Nando Chiappetta\/DP\/D.A Press.- Politica - Abertura do Comie de Danilo Cabral, candidato a deputado federal.na foto - Paulo Camara e Danilo Cabral\" style=\"border-top: 0px; border-right: 0px; background-image: none; border-bottom: 0px; float: none; padding-top: 0px; padding-left: 0px; margin: 0px auto 10px; border-left: 0px; display: block; padding-right: 0px\" border=\"0\" alt=\"20\/07\/2014. Credito: Nando Chiappetta\/DP\/D.A Press.- Politica - Abertura do Comie de Danilo Cabral, candidato a deputado federal.na foto - Paulo Camara e Danilo Cabral\" src=\"http:\/\/www.saloanoticias.com\/v1\/wp-content\/uploads\/imagens\/salo-notcias-8_thumb_ba0d272ee131f3b3dd01e9920fdc88a8.jpg\" width=\"483\" height=\"322\"><\/a>Danilo Cabral, festeiro de carteirinha, comemora seu anivers\u00e1rio, esta noite, 29 de abril, no Boteco do Marco Zero, com a presen\u00e7a de Paulo C\u00e2mara, Raul e Henry e todos seus companheiros do secretariado estadual, al\u00e9m de amigos e destaques no nosso mundo pol\u00edtico. Come\u00e7a \u00e0s 19h e n\u00e3o tem hora para terminar. Danilo \u00e9 secret\u00e1rio estadual de planejamento e gest\u00e3o e deputado federal pelo PSB, sendo o deputado mais votado em Salo\u00e1\/PE. \u00c9 amigo particular de longas datas do prefeito Ricardo que deve est\u00e1 prestigiando a festa do amigo.<\/font><\/p>\n<div style=\"margin-top: 0px; margin-bottom: 0px;\" class=\"sharethis-inline-share-buttons\" ><\/div>","protected":false},"excerpt":{"rendered":"<p>Danilo Cabral, festeiro de carteirinha, comemora seu anivers\u00e1rio, esta noite, 29 de abril, no Boteco do Marco Zero, com a presen\u00e7a de Paulo C\u00e2mara, Raul e Henry e todos seus companheiros do secretariado estadual, al\u00e9m de amigos e destaques no nosso mundo pol\u00edtico. Come\u00e7a \u00e0s 19h e n\u00e3o tem hora para terminar. Danilo \u00e9 secret\u00e1rio [&hellip;]<\/p>\n","protected":false},"author":1,"featured_media":0,"comment_status":"open","ping_status":"open","sticky":false,"template":"","format":"standard","meta":{"footnotes":""},"categories":[2],"tags":[],"class_list":["post-1784","post","type-post","status-publish","format-standard","hentry","category-noticias-do-dia"],"_links":{"self":[{"href":"https:\/\/www.saloanoticias.com\/v1\/wp-json\/wp\/v2\/posts\/1784","targetHints":{"allow":["GET"]}}],"collection":[{"href":"https:\/\/www.saloanoticias.com\/v1\/wp-json\/wp\/v2\/posts"}],"about":[{"href":"https:\/\/www.saloanoticias.com\/v1\/wp-json\/wp\/v2\/types\/post"}],"author":[{"embeddable":true,"href":"https:\/\/www.saloanoticias.com\/v1\/wp-json\/wp\/v2\/users\/1"}],"replies":[{"embeddable":true,"href":"https:\/\/www.saloanoticias.com\/v1\/wp-json\/wp\/v2\/comments?post=1784"}],"version-history":[{"count":0,"href":"https:\/\/www.saloanoticias.com\/v1\/wp-json\/wp\/v2\/posts\/1784\/revisions"}],"wp:attachment":[{"href":"https:\/\/www.saloanoticias.com\/v1\/wp-json\/wp\/v2\/media?parent=1784"}],"wp:term":[{"taxonomy":"category","embeddable":true,"href":"https:\/\/www.saloanoticias.com\/v1\/wp-json\/wp\/v2\/categories?post=1784"},{"taxonomy":"post_tag","embeddable":true,"href":"https:\/\/www.saloanoticias.com\/v1\/wp-json\/wp\/v2\/tags?post=1784"}],"curies":[{"name":"wp","href":"https:\/\/api.w.org\/{rel}","templated":true}]}}