{"id":1781,"date":"2015-04-29T11:00:00","date_gmt":"2015-04-29T11:00:00","guid":{"rendered":"https:\/\/saloanoticias.mrmediaweb.com\/v1\/2015\/04\/29\/julio-moveleiro-se-destaca-em-saloa\/"},"modified":"2015-04-29T11:00:00","modified_gmt":"2015-04-29T11:00:00","slug":"julio-moveleiro-se-destaca-em-saloa","status":"publish","type":"post","link":"https:\/\/www.saloanoticias.com\/v1\/julio-moveleiro-se-destaca-em-saloa\/","title":{"rendered":"J\u00daLIO MOVELEIRO SE DESTACA EM SALO\u00c1"},"content":{"rendered":"<p align=\"justify\"><font size=\"3\" face=\"Arial\"><a href=\"http:\/\/www.saloanoticias.com\/images\/salo-notcias-foto_27576300a733f4085e266057e040d49d.jpg\"><img loading=\"lazy\" decoding=\"async\" title=\"Salo&aacute; Not&iacute;cias foto\" style=\"border-left-width: 0px; border-right-width: 0px; background-image: none; border-bottom-width: 0px; float: none; padding-top: 0px; padding-left: 0px; margin: 0px auto 10px; display: block; padding-right: 0px; border-top-width: 0px\" border=\"0\" alt=\"Salo&aacute; Not&iacute;cias foto\" src=\"http:\/\/www.saloanoticias.com\/v1\/wp-content\/uploads\/imagens\/salo-notcias-foto_thumb_b141e513f966e55652520793c468047e.jpg\" width=\"548\" height=\"384\"><\/a>Salo\u00e1 e regi\u00e3o ganhou um profissional de m\u00e3o cheia no ramo de m\u00f3veis planejados. Estamos falando de J\u00falio Moveleiro, experiente profissional que chegou de S\u00e3o Paulo para prestar os seus servi\u00e7os para toda a popula\u00e7\u00e3o. Ele trabalha com o MDF, produto bastante badalado na atualidade pela resist\u00eancia, durabilidade e beleza. S\u00e3o m\u00f3veis planejados e detalhadamente trabalhados por J\u00falio e seu assist\u00eante Neudson, que tamb\u00e9m tem uma vasta experi\u00eancia no ramo de m\u00f3veis.<\/font><\/p>\n<p align=\"justify\"><a href=\"http:\/\/www.saloanoticias.com\/images\/salo-notcias-blog_e6bbb523f2e497919069251cd3d4ad3c.jpg\"><img loading=\"lazy\" decoding=\"async\" title=\"Salo&aacute; Not&iacute;cias Blog\" style=\"border-left-width: 0px; border-right-width: 0px; background-image: none; border-bottom-width: 0px; float: none; padding-top: 0px; padding-left: 0px; margin: 10px auto; display: block; padding-right: 0px; border-top-width: 0px\" border=\"0\" alt=\"Salo&aacute; Not&iacute;cias Blog\" src=\"http:\/\/www.saloanoticias.com\/v1\/wp-content\/uploads\/imagens\/salo-notcias-blog_thumb_5039e3a2a2cecac1f0db3d2fb04af2e7.jpg\" width=\"548\" height=\"411\"><\/a><\/p>\n<p align=\"justify\"><font size=\"3\" face=\"Arial\">Fa\u00e7a uma visita ao ateli\u00ea do profissional e comprove o que estamos falando. Entregue o seu projeto ou pe\u00e7a para que eles o fa\u00e7am e comprove os servi\u00e7os com satisfa\u00e7\u00e3o. Encomende sua cozinha, quartos, pain\u00e9is e muito mais.<\/font><\/p>\n<div style=\"margin-top: 0px; margin-bottom: 0px;\" class=\"sharethis-inline-share-buttons\" ><\/div>","protected":false},"excerpt":{"rendered":"<p>Salo\u00e1 e regi\u00e3o ganhou um profissional de m\u00e3o cheia no ramo de m\u00f3veis planejados. Estamos falando de J\u00falio Moveleiro, experiente profissional que chegou de S\u00e3o Paulo para prestar os seus servi\u00e7os para toda a popula\u00e7\u00e3o. Ele trabalha com o MDF, produto bastante badalado na atualidade pela resist\u00eancia, durabilidade e beleza. S\u00e3o m\u00f3veis planejados e detalhadamente [&hellip;]<\/p>\n","protected":false},"author":1,"featured_media":0,"comment_status":"open","ping_status":"open","sticky":false,"template":"","format":"standard","meta":{"footnotes":""},"categories":[2],"tags":[],"class_list":["post-1781","post","type-post","status-publish","format-standard","hentry","category-noticias-do-dia"],"_links":{"self":[{"href":"https:\/\/www.saloanoticias.com\/v1\/wp-json\/wp\/v2\/posts\/1781","targetHints":{"allow":["GET"]}}],"collection":[{"href":"https:\/\/www.saloanoticias.com\/v1\/wp-json\/wp\/v2\/posts"}],"about":[{"href":"https:\/\/www.saloanoticias.com\/v1\/wp-json\/wp\/v2\/types\/post"}],"author":[{"embeddable":true,"href":"https:\/\/www.saloanoticias.com\/v1\/wp-json\/wp\/v2\/users\/1"}],"replies":[{"embeddable":true,"href":"https:\/\/www.saloanoticias.com\/v1\/wp-json\/wp\/v2\/comments?post=1781"}],"version-history":[{"count":0,"href":"https:\/\/www.saloanoticias.com\/v1\/wp-json\/wp\/v2\/posts\/1781\/revisions"}],"wp:attachment":[{"href":"https:\/\/www.saloanoticias.com\/v1\/wp-json\/wp\/v2\/media?parent=1781"}],"wp:term":[{"taxonomy":"category","embeddable":true,"href":"https:\/\/www.saloanoticias.com\/v1\/wp-json\/wp\/v2\/categories?post=1781"},{"taxonomy":"post_tag","embeddable":true,"href":"https:\/\/www.saloanoticias.com\/v1\/wp-json\/wp\/v2\/tags?post=1781"}],"curies":[{"name":"wp","href":"https:\/\/api.w.org\/{rel}","templated":true}]}}