{"id":1780,"date":"2015-04-28T23:13:14","date_gmt":"2015-04-28T23:13:14","guid":{"rendered":"https:\/\/saloanoticias.mrmediaweb.com\/v1\/2015\/04\/28\/caso-vava-birunda-audiencia-de-instrucao-acontece-nesta-quarta-feira-29\/"},"modified":"2015-04-28T23:13:14","modified_gmt":"2015-04-28T23:13:14","slug":"caso-vava-birunda-audiencia-de-instrucao-acontece-nesta-quarta-feira-29","status":"publish","type":"post","link":"https:\/\/www.saloanoticias.com\/v1\/caso-vava-birunda-audiencia-de-instrucao-acontece-nesta-quarta-feira-29\/","title":{"rendered":"\u201cCASO VAV\u00c1 BIRUNDA\u201d &#8211; JUSTI\u00c7A OUVIR\u00c1 ACUSADA DO CRIME NESTA QUARTA-FEIRA"},"content":{"rendered":"<p align=\"justify\"><font size=\"3\" face=\"Arial\"><a href=\"http:\/\/www.saloanoticias.com\/images\/salo-notcias-blog.jpg\"><img loading=\"lazy\" decoding=\"async\" title=\"Salo&aacute; Not&iacute;cias Blog\" style=\"border-left-width: 0px; border-right-width: 0px; background-image: none; border-bottom-width: 0px; float: left; padding-top: 0px; padding-left: 0px; margin: 5px 5px 0px 0px; display: inline; padding-right: 0px; border-top-width: 0px\" border=\"0\" alt=\"Salo&aacute; Not&iacute;cias Blog\" align=\"left\" src=\"http:\/\/www.saloanoticias.com\/v1\/wp-content\/uploads\/imagens\/salo-notcias-blog_thumb.jpg\" width=\"198\" height=\"207\"><\/a>Acontecer\u00e1 na manh\u00e3 desta quarta-feira, dia 29 de abril de 2015, a audi\u00eancia de instru\u00e7\u00e3o do processo que apura os fatos sobre a morte de Roberval Florentino Alves, que era conhecido por Vav\u00e1 Birunda, crime ocorrido em outubro de 2014, na cidade de Salo\u00e1. A principal suspeita \u00e9 a filha, Micheline Florentino Alves, que ser\u00e1 interrogada pela justi\u00e7a nesta audi\u00eancia. Ela se encontra presa na col\u00f4nia penal de Bu\u00edque e dever\u00e1 ser conduzida ao f\u00f3rum Dr. Joaquim Cirilo para este ato pelos agentes penitenci\u00e1rios da SERES.<\/font><\/p>\n<p align=\"justify\"><font size=\"3\" face=\"Arial\">Ser\u00e3o ouvidas ainda, v\u00e1rias testemunhas do fato. A acusada foi presa em Garanhuns no dia 13 de novembro de 2014 e se encontra detida at\u00e9 agora. Vav\u00e1 Birunda foi assassinado em sua pr\u00f3pria resid\u00eancia no m\u00eas de outubro de 2014 dentro do seu quarto com um golpe de faca peixeira. A pris\u00e3o da acusada foi efetuada pelos policiais civis Caio e Draiton, ambos da equipe da delegacia de Salo\u00e1. Destacamos que este fato repercutiu em toda a regi\u00e3o, j\u00e1 que tanto a v\u00edtima quanto sua fam\u00edlia s\u00e3o bastante conhecidas.<\/font><\/p>\n<div style=\"margin-top: 0px; margin-bottom: 0px;\" class=\"sharethis-inline-share-buttons\" ><\/div>","protected":false},"excerpt":{"rendered":"<p>Acontecer\u00e1 na manh\u00e3 desta quarta-feira, dia 29 de abril de 2015, a audi\u00eancia de instru\u00e7\u00e3o do processo que apura os fatos sobre a morte de Roberval Florentino Alves, que era conhecido por Vav\u00e1 Birunda, crime ocorrido em outubro de 2014, na cidade de Salo\u00e1. A principal suspeita \u00e9 a filha, Micheline Florentino Alves, que ser\u00e1 [&hellip;]<\/p>\n","protected":false},"author":1,"featured_media":0,"comment_status":"open","ping_status":"open","sticky":false,"template":"","format":"standard","meta":{"footnotes":""},"categories":[2],"tags":[],"class_list":["post-1780","post","type-post","status-publish","format-standard","hentry","category-noticias-do-dia"],"_links":{"self":[{"href":"https:\/\/www.saloanoticias.com\/v1\/wp-json\/wp\/v2\/posts\/1780","targetHints":{"allow":["GET"]}}],"collection":[{"href":"https:\/\/www.saloanoticias.com\/v1\/wp-json\/wp\/v2\/posts"}],"about":[{"href":"https:\/\/www.saloanoticias.com\/v1\/wp-json\/wp\/v2\/types\/post"}],"author":[{"embeddable":true,"href":"https:\/\/www.saloanoticias.com\/v1\/wp-json\/wp\/v2\/users\/1"}],"replies":[{"embeddable":true,"href":"https:\/\/www.saloanoticias.com\/v1\/wp-json\/wp\/v2\/comments?post=1780"}],"version-history":[{"count":0,"href":"https:\/\/www.saloanoticias.com\/v1\/wp-json\/wp\/v2\/posts\/1780\/revisions"}],"wp:attachment":[{"href":"https:\/\/www.saloanoticias.com\/v1\/wp-json\/wp\/v2\/media?parent=1780"}],"wp:term":[{"taxonomy":"category","embeddable":true,"href":"https:\/\/www.saloanoticias.com\/v1\/wp-json\/wp\/v2\/categories?post=1780"},{"taxonomy":"post_tag","embeddable":true,"href":"https:\/\/www.saloanoticias.com\/v1\/wp-json\/wp\/v2\/tags?post=1780"}],"curies":[{"name":"wp","href":"https:\/\/api.w.org\/{rel}","templated":true}]}}