{"id":1778,"date":"2015-04-28T16:42:47","date_gmt":"2015-04-28T16:42:47","guid":{"rendered":"https:\/\/saloanoticias.mrmediaweb.com\/v1\/2015\/04\/28\/pleito-de-saloa-no-seminario-todos-por-pernambuco-comeca-a-ser-atendido\/"},"modified":"2015-04-28T16:42:47","modified_gmt":"2015-04-28T16:42:47","slug":"pleito-de-saloa-no-seminario-todos-por-pernambuco-comeca-a-ser-atendido","status":"publish","type":"post","link":"https:\/\/www.saloanoticias.com\/v1\/pleito-de-saloa-no-seminario-todos-por-pernambuco-comeca-a-ser-atendido\/","title":{"rendered":"PLEITO DE SALO\u00c1\/PE NO SEMIN\u00c1RIO TODOS POR PERNAMBUCO EST\u00c1 SENDO ATENDIDO"},"content":{"rendered":"<p align=\"justify\"><font size=\"3\" face=\"Arial\"><a href=\"http:\/\/www.saloanoticias.com\/images\/ricardo-alves_cb518432fc5a90246c8220dbbac4776c.jpg\"><img loading=\"lazy\" decoding=\"async\" title=\"Ricardo Alves\" style=\"border-left-width: 0px; border-right-width: 0px; background-image: none; border-bottom-width: 0px; float: left; padding-top: 0px; padding-left: 0px; margin: 5px 5px 0px 0px; display: inline; padding-right: 0px; border-top-width: 0px\" border=\"0\" alt=\"Ricardo Alves\" align=\"left\" src=\"http:\/\/www.saloanoticias.com\/v1\/wp-content\/uploads\/imagens\/ricardo-alves_thumb_0477ad9583af3c6197168cbeddd92b12.jpg\" width=\"195\" height=\"228\"><\/a>A participa\u00e7\u00e3o de Salo\u00e1 no Semin\u00e1rio \u201cTodos Por Pernambuco\u201d j\u00e1 come\u00e7a a dar frutos. E n\u00e3o apenas em Salo\u00e1, mas em tantas outras cidades do Agreste. As discurs\u00f5es realizadas no grupo tem\u00e1tico da Seguran\u00e7a P\u00fablica motivou \u00e0s pol\u00edcias Militar e Civil \u00e0 intensificar a\u00e7\u00f5es de combate e preven\u00e7\u00e3o, embora com efetivos bastante reduzidos. <\/font><font size=\"3\" face=\"Arial\">O prefeito Ricardo Alves acompanhou o governador Paulo C\u00e2mara no Semin\u00e1rio Todos por Pernambuco, garantindo que novos conv\u00eanios possam ser firmados em favor do munic\u00edpio.<\/font><\/p>\n<p align=\"justify\"><font size=\"3\" face=\"Arial\">Com informa\u00e7\u00f5es da assessoria de comunica\u00e7\u00e3o da prefeitura de Salo\u00e1.<\/font><\/p>\n<div style=\"margin-top: 0px; margin-bottom: 0px;\" class=\"sharethis-inline-share-buttons\" ><\/div>","protected":false},"excerpt":{"rendered":"<p>A participa\u00e7\u00e3o de Salo\u00e1 no Semin\u00e1rio \u201cTodos Por Pernambuco\u201d j\u00e1 come\u00e7a a dar frutos. E n\u00e3o apenas em Salo\u00e1, mas em tantas outras cidades do Agreste. As discurs\u00f5es realizadas no grupo tem\u00e1tico da Seguran\u00e7a P\u00fablica motivou \u00e0s pol\u00edcias Militar e Civil \u00e0 intensificar a\u00e7\u00f5es de combate e preven\u00e7\u00e3o, embora com efetivos bastante reduzidos. O prefeito [&hellip;]<\/p>\n","protected":false},"author":1,"featured_media":0,"comment_status":"open","ping_status":"open","sticky":false,"template":"","format":"standard","meta":{"footnotes":""},"categories":[2],"tags":[],"class_list":["post-1778","post","type-post","status-publish","format-standard","hentry","category-noticias-do-dia"],"_links":{"self":[{"href":"https:\/\/www.saloanoticias.com\/v1\/wp-json\/wp\/v2\/posts\/1778","targetHints":{"allow":["GET"]}}],"collection":[{"href":"https:\/\/www.saloanoticias.com\/v1\/wp-json\/wp\/v2\/posts"}],"about":[{"href":"https:\/\/www.saloanoticias.com\/v1\/wp-json\/wp\/v2\/types\/post"}],"author":[{"embeddable":true,"href":"https:\/\/www.saloanoticias.com\/v1\/wp-json\/wp\/v2\/users\/1"}],"replies":[{"embeddable":true,"href":"https:\/\/www.saloanoticias.com\/v1\/wp-json\/wp\/v2\/comments?post=1778"}],"version-history":[{"count":0,"href":"https:\/\/www.saloanoticias.com\/v1\/wp-json\/wp\/v2\/posts\/1778\/revisions"}],"wp:attachment":[{"href":"https:\/\/www.saloanoticias.com\/v1\/wp-json\/wp\/v2\/media?parent=1778"}],"wp:term":[{"taxonomy":"category","embeddable":true,"href":"https:\/\/www.saloanoticias.com\/v1\/wp-json\/wp\/v2\/categories?post=1778"},{"taxonomy":"post_tag","embeddable":true,"href":"https:\/\/www.saloanoticias.com\/v1\/wp-json\/wp\/v2\/tags?post=1778"}],"curies":[{"name":"wp","href":"https:\/\/api.w.org\/{rel}","templated":true}]}}