{"id":1777,"date":"2015-04-27T22:28:10","date_gmt":"2015-04-27T22:28:10","guid":{"rendered":"https:\/\/saloanoticias.mrmediaweb.com\/v1\/2015\/04\/27\/saloaenses-sao-destaques-no-fantastico-da-rede-globo\/"},"modified":"2015-04-27T22:28:10","modified_gmt":"2015-04-27T22:28:10","slug":"saloaenses-sao-destaques-no-fantastico-da-rede-globo","status":"publish","type":"post","link":"https:\/\/www.saloanoticias.com\/v1\/saloaenses-sao-destaques-no-fantastico-da-rede-globo\/","title":{"rendered":"SALOAENSES S\u00c3O DESTAQUE MAIS UMA VEZ NO FANT\u00c1STICO DA REDE GLOBO"},"content":{"rendered":"<p align=\"justify\"><font size=\"3\" face=\"Arial\"><a href=\"http:\/\/www.saloanoticias.com\/images\/salo-n_5c9782940ada9bf8a11fff216572ce6b.jpg\"><img loading=\"lazy\" decoding=\"async\" title=\"Salo&aacute; N\" style=\"border-top: 0px; border-right: 0px; background-image: none; border-bottom: 0px; float: none; padding-top: 0px; padding-left: 0px; margin: 0px auto 10px; border-left: 0px; display: block; padding-right: 0px\" border=\"0\" alt=\"Salo&aacute; N\" src=\"http:\/\/www.saloanoticias.com\/v1\/wp-content\/uploads\/imagens\/salo-n_thumb_dea6f93d557721bded514bdbfc2547c6.jpg\" width=\"392\" height=\"446\"><\/a>N\u00e3o, ele n\u00e3o \u00e9 jogador de futebol e n\u00e3o fez 3 gols para pedir m\u00fasica no Fant\u00e1stico, mas seu nome ganhou destaque no programa dominical da Globo deste&nbsp; ( 26\/04) por um motivo bem mais nobre. Valdemir Jos\u00e9 da Silva, 16 anos foi um dos quatro vencedores do pa\u00eds de um concurso nacional de v\u00eddeos promovido pela Marinha e&nbsp; encheu de orgulho os moradores da hospitaleira Salo\u00e1 onde reside.<\/font><\/p>\n<p align=\"justify\"><font size=\"3\" face=\"Arial\">Como pr\u00eamio ganhou, junto com outros tr\u00eas jovens de outras partes do Brasil, uma viagem \u00e0 Ant\u00e1rtica onde passou 3 dias no Continente Gelado, duas vezes maior que nosso pa\u00eds. Tudo come\u00e7ou no final de 2013 quando a Marinha abriu um concurso a n\u00edvel nacional para alunos de escolas p\u00fablicas e privadas. Dele participou o estudante Valdemir Silva.<\/font><\/p>\n<p align=\"justify\"><font size=\"3\" face=\"Arial\">E n\u00e3o \u00e9 que o jovem foi selecionado? A reportagem sobre a viagem dele e dos outros tr\u00eas sortudos foi destaque na noite de ontem ( 26\/04) no Fant\u00e1stico. <\/font><font size=\"3\" face=\"Arial\">Ele \u00e9 foi do 3\u00ba ano da Escola Refer\u00eancia em Ensino M\u00e9dio (EREM) Monsenhor Jo\u00e3o Marques em Salo\u00e1 e filho de agricultores.<\/font><\/p>\n<p align=\"justify\"><font size=\"3\" face=\"Arial\">O Fant\u00e1stico acompanhou a jornada do quarteto ao continente gelado. A primeira tentativa foi no in\u00edcio de 2014, mas o mau tempo na hora do pouso&nbsp; fez com que a miss\u00e3o fosse adiada. Foi preciso esperar 10 meses para que, em mar\u00e7o deste ano, Valdemir conseguisse pisar em solo ant\u00e1rtico.<\/font><\/p>\n<p align=\"justify\"><font size=\"3\" face=\"Arial\">A aventura dele e dos colegas por l\u00e1 durou 3 dias e foi acompanhada pela consagrada rep\u00f3rter especial do Fant\u00e1stico, Sonia Bridi. A primeira parte da mat\u00e9ria foi exibida ontem&nbsp; e mostrou, entre outras coisas, a emo\u00e7\u00e3o do menino de Salo\u00e1 ao ser informado da viagem. A segunda parte da aventura, que mostrar\u00e1 como foi a passagem dos estudantes pela Ant\u00e1rtica,&nbsp; deve ir ao ar no pr\u00f3ximo domingo e \u00e9 imperd\u00edvel.<\/font><\/p>\n<p align=\"justify\"><font size=\"3\" face=\"Arial\">Segundo o Governo do Estado, o aluno vencedor teve com o orientador e professor de Ci\u00eancias Naturais \u00c1lvaro Deangells, pe\u00e7a fundamental para que o v\u00eddeo que ele enviou \u00e0 Marinha do Brasil ficasse entre um dos quatro melhores. Fonte \u2013 VeC Garanhuns<\/font><\/p>\n<p align=\"justify\"><font size=\"3\" face=\"Arial\">Confira a reportagem atrav\u00e9s do link ao lado &#8211; <a title=\"http:\/\/g1.globo.com\/fantastico\/noticia\/2015\/04\/quatro-estudantes-brasileiros-embarcam-em-aventura-pela-antartica.html?utm_source=dlvr.it&amp;utm_medium=twitter\" href=\"http:\/\/g1.globo.com\/fantastico\/noticia\/2015\/04\/quatro-estudantes-brasileiros-embarcam-em-aventura-pela-antartica.html?utm_source=dlvr.it&amp;utm_medium=twitter\"><font color=\"#ff0000\">http:\/\/g1.globo.com\/fantastico\/noticia\/2015\/04\/quatro-estudantes-brasileiros-embarcam-em-aventura-pela-antartica.html?utm_source=dlvr.it&amp;utm_medium=twitter<\/font><\/a><\/font><\/p>\n<div style=\"margin-top: 0px; margin-bottom: 0px;\" class=\"sharethis-inline-share-buttons\" ><\/div>","protected":false},"excerpt":{"rendered":"<p>N\u00e3o, ele n\u00e3o \u00e9 jogador de futebol e n\u00e3o fez 3 gols para pedir m\u00fasica no Fant\u00e1stico, mas seu nome ganhou destaque no programa dominical da Globo deste&nbsp; ( 26\/04) por um motivo bem mais nobre. Valdemir Jos\u00e9 da Silva, 16 anos foi um dos quatro vencedores do pa\u00eds de um concurso nacional de v\u00eddeos [&hellip;]<\/p>\n","protected":false},"author":1,"featured_media":0,"comment_status":"open","ping_status":"open","sticky":false,"template":"","format":"standard","meta":{"footnotes":""},"categories":[2],"tags":[],"class_list":["post-1777","post","type-post","status-publish","format-standard","hentry","category-noticias-do-dia"],"_links":{"self":[{"href":"https:\/\/www.saloanoticias.com\/v1\/wp-json\/wp\/v2\/posts\/1777","targetHints":{"allow":["GET"]}}],"collection":[{"href":"https:\/\/www.saloanoticias.com\/v1\/wp-json\/wp\/v2\/posts"}],"about":[{"href":"https:\/\/www.saloanoticias.com\/v1\/wp-json\/wp\/v2\/types\/post"}],"author":[{"embeddable":true,"href":"https:\/\/www.saloanoticias.com\/v1\/wp-json\/wp\/v2\/users\/1"}],"replies":[{"embeddable":true,"href":"https:\/\/www.saloanoticias.com\/v1\/wp-json\/wp\/v2\/comments?post=1777"}],"version-history":[{"count":0,"href":"https:\/\/www.saloanoticias.com\/v1\/wp-json\/wp\/v2\/posts\/1777\/revisions"}],"wp:attachment":[{"href":"https:\/\/www.saloanoticias.com\/v1\/wp-json\/wp\/v2\/media?parent=1777"}],"wp:term":[{"taxonomy":"category","embeddable":true,"href":"https:\/\/www.saloanoticias.com\/v1\/wp-json\/wp\/v2\/categories?post=1777"},{"taxonomy":"post_tag","embeddable":true,"href":"https:\/\/www.saloanoticias.com\/v1\/wp-json\/wp\/v2\/tags?post=1777"}],"curies":[{"name":"wp","href":"https:\/\/api.w.org\/{rel}","templated":true}]}}