{"id":1776,"date":"2015-04-27T20:00:00","date_gmt":"2015-04-27T20:00:00","guid":{"rendered":"https:\/\/saloanoticias.mrmediaweb.com\/v1\/2015\/04\/27\/atletas-de-saloa-se-preparam-para-o-torneio-do-trabalhador\/"},"modified":"2015-04-27T20:00:00","modified_gmt":"2015-04-27T20:00:00","slug":"atletas-de-saloa-se-preparam-para-o-torneio-do-trabalhador","status":"publish","type":"post","link":"https:\/\/www.saloanoticias.com\/v1\/atletas-de-saloa-se-preparam-para-o-torneio-do-trabalhador\/","title":{"rendered":"ATLETAS DE SALO\u00c1\/PE SE PREPARAM PARA O TORNEIO DO TRABALHADOR"},"content":{"rendered":"<p align=\"justify\"><font size=\"3\" face=\"Arial\"><a href=\"http:\/\/www.saloanoticias.com\/images\/salo-n_50165ec404c9bda14b96596ab63bb380.jpg\"><img loading=\"lazy\" decoding=\"async\" title=\"Salo&aacute; N\" style=\"border-top: 0px; border-right: 0px; background-image: none; border-bottom: 0px; float: none; padding-top: 0px; padding-left: 0px; margin: 0px auto 10px; border-left: 0px; display: block; padding-right: 0px\" border=\"0\" alt=\"Salo&aacute; N\" src=\"http:\/\/www.saloanoticias.com\/v1\/wp-content\/uploads\/imagens\/salo-n_thumb_304e0b545dd2ed0a94fb314c5492a486.jpg\" width=\"537\" height=\"403\"><\/a>Em Salo\u00e1 os esportistas se preparam pra a realiza\u00e7\u00e3o de mais um grande torneiro. A partir das 8h00 do Dia Primeiro de maio o est\u00e1dio Ednelson Queir\u00f3z, popular Queiroz\u00e3o, ser\u00e1 sede de mais um Torneio do Trabalhador. O evento que celebra o dia do trabalhador est\u00e1 crescendo a cada ano e nesta edi\u00e7\u00e3o de 2015, conta com 12 equipes de futebol de campo, al\u00e9m de equipes de V\u00f4lei e Queimado .<\/font> <\/p>\n<p align=\"justify\"><font size=\"3\" face=\"Arial\">Todas as equipes recebem mensalmente uma ajuda de custo do Governo Municipal dentro do programa de esportes e lazer. Os 12 times foram tamb\u00e9m uniformizados e ganharam bolas. Segundo o diretor de esportes Adalto Silva, conhecido por Pelezinho, o futebol amador tem sido um lazer importante para os finais de semana em quase todos os s\u00edtios e povoados do munic\u00edpio.<\/font> <\/p>\n<p align=\"justify\"><font size=\"3\" face=\"Arial\">\u201cO esporte de maneira geral contribui para tirar crian\u00e7as, jovens e adultos da ociosidade. O prefeito Ricardo Alves tem valorizado as iniciativas esportivas e este torneio ser\u00e1 um dos melhores que j\u00e1 tivemos em Salo\u00e1\u201d. Destacou. <\/font><font size=\"3\" face=\"Arial\">O Dia do Trabalhador ser\u00e1 comemorado com muita festa em Salo\u00e1. Durante o torneio ser\u00e3o tamb\u00e9m entregues brindes \u00e1 popula\u00e7\u00e3o.<\/font> <\/p>\n<p align=\"justify\"><font size=\"3\" face=\"Arial\">Os brindes foram doados por lojas do com\u00e9rcio local e empresas amigas da escola. Haver\u00e1 ainda a participa\u00e7\u00e3o de diversas bandas locais para animar os jogadores e o p\u00fablico em geral.<\/font> <\/p>\n<p align=\"center\"><font size=\"4\" face=\"Arial\"><strong>12 equipes que participam do Torneio do Trabalhador:<\/strong><\/font> <\/p>\n<p align=\"center\"><font size=\"4\" face=\"Arial\"><strong>Sport do s\u00edtio Ex\u00fa,<\/strong><\/font> <\/p>\n<p align=\"center\"><font size=\"4\" face=\"Arial\"><strong>Imperial da Serrinha da Prata,<\/strong><\/font> <\/p>\n<p align=\"center\"><font size=\"4\" face=\"Arial\"><strong>Serrinha,<\/strong><\/font> <\/p>\n<p align=\"center\"><font size=\"4\" face=\"Arial\"><strong>Santa Cruz da Prata,<\/strong><\/font> <\/p>\n<p align=\"center\"><font size=\"4\" face=\"Arial\"><strong>Bragantino do s\u00edtio Pau Santo<\/strong><\/font> <\/p>\n<p align=\"center\"><font size=\"4\" face=\"Arial\"><strong>Palmeiras da V\u00e1rzea da Serra,<\/strong><\/font> <\/p>\n<p align=\"center\"><font size=\"4\" face=\"Arial\"><strong>Santa cruz da baixa da telha,<\/strong><\/font> <\/p>\n<p align=\"center\"><font size=\"4\" face=\"Arial\"><strong>Cruzeiro da Santa Tereza,<\/strong><\/font> <\/p>\n<p align=\"center\"><font size=\"4\" face=\"Arial\"><strong>For\u00e7a Jovem de Salo\u00e1,<\/strong><\/font> <\/p>\n<p align=\"center\"><font size=\"4\" face=\"Arial\"><strong>Internacional da Paquevira,<\/strong><\/font> <\/p>\n<p align=\"center\"><font size=\"4\" face=\"Arial\"><strong>Sport da Lagoa Nova,<\/strong><\/font> <\/p>\n<p align=\"center\"><font size=\"4\" face=\"Arial\"><strong>Porto do Riach\u00e3o.<\/strong><\/font><\/p>\n<div style=\"margin-top: 0px; margin-bottom: 0px;\" class=\"sharethis-inline-share-buttons\" ><\/div>","protected":false},"excerpt":{"rendered":"<p>Em Salo\u00e1 os esportistas se preparam pra a realiza\u00e7\u00e3o de mais um grande torneiro. A partir das 8h00 do Dia Primeiro de maio o est\u00e1dio Ednelson Queir\u00f3z, popular Queiroz\u00e3o, ser\u00e1 sede de mais um Torneio do Trabalhador. O evento que celebra o dia do trabalhador est\u00e1 crescendo a cada ano e nesta edi\u00e7\u00e3o de 2015, [&hellip;]<\/p>\n","protected":false},"author":1,"featured_media":0,"comment_status":"open","ping_status":"open","sticky":false,"template":"","format":"standard","meta":{"footnotes":""},"categories":[2],"tags":[],"class_list":["post-1776","post","type-post","status-publish","format-standard","hentry","category-noticias-do-dia"],"_links":{"self":[{"href":"https:\/\/www.saloanoticias.com\/v1\/wp-json\/wp\/v2\/posts\/1776","targetHints":{"allow":["GET"]}}],"collection":[{"href":"https:\/\/www.saloanoticias.com\/v1\/wp-json\/wp\/v2\/posts"}],"about":[{"href":"https:\/\/www.saloanoticias.com\/v1\/wp-json\/wp\/v2\/types\/post"}],"author":[{"embeddable":true,"href":"https:\/\/www.saloanoticias.com\/v1\/wp-json\/wp\/v2\/users\/1"}],"replies":[{"embeddable":true,"href":"https:\/\/www.saloanoticias.com\/v1\/wp-json\/wp\/v2\/comments?post=1776"}],"version-history":[{"count":0,"href":"https:\/\/www.saloanoticias.com\/v1\/wp-json\/wp\/v2\/posts\/1776\/revisions"}],"wp:attachment":[{"href":"https:\/\/www.saloanoticias.com\/v1\/wp-json\/wp\/v2\/media?parent=1776"}],"wp:term":[{"taxonomy":"category","embeddable":true,"href":"https:\/\/www.saloanoticias.com\/v1\/wp-json\/wp\/v2\/categories?post=1776"},{"taxonomy":"post_tag","embeddable":true,"href":"https:\/\/www.saloanoticias.com\/v1\/wp-json\/wp\/v2\/tags?post=1776"}],"curies":[{"name":"wp","href":"https:\/\/api.w.org\/{rel}","templated":true}]}}