{"id":1775,"date":"2015-04-27T11:00:00","date_gmt":"2015-04-27T11:00:00","guid":{"rendered":"https:\/\/saloanoticias.mrmediaweb.com\/v1\/2015\/04\/27\/conselho-tutelar-participa-de-capacitacao\/"},"modified":"2015-04-27T11:00:00","modified_gmt":"2015-04-27T11:00:00","slug":"conselho-tutelar-participa-de-capacitacao","status":"publish","type":"post","link":"https:\/\/www.saloanoticias.com\/v1\/conselho-tutelar-participa-de-capacitacao\/","title":{"rendered":"CONSELHEIROS TUTELARES PARTICIPARAM DE CAPACITA\u00c7\u00c3O EM CARUARU"},"content":{"rendered":"<p align=\"justify\"><font size=\"3\" face=\"Arial\"><a href=\"http:\/\/www.saloanoticias.com\/images\/salo-notcas3_885bd151d21008074c1245027ce740fe.jpg\"><img loading=\"lazy\" decoding=\"async\" title=\"Salo&aacute; Not&iacute;cas3\" style=\"border-left-width: 0px; border-right-width: 0px; background-image: none; border-bottom-width: 0px; float: none; padding-top: 0px; padding-left: 0px; margin: 0px auto 10px; display: block; padding-right: 0px; border-top-width: 0px\" border=\"0\" alt=\"Salo&aacute; Not&iacute;cas3\" src=\"http:\/\/www.saloanoticias.com\/v1\/wp-content\/uploads\/imagens\/salo-notcas3_thumb_e96522ac0443e923f3cf8c4cfd4d375a.jpg\" width=\"560\" height=\"420\"><\/a>Os conselheiros tutelares da cidade de Salo\u00e1\/PE participaram de mais uma capacita\u00e7\u00e3o, desta vez foi na cidade de Caruaru. Segundo o conselheiro Gideone Leandro o evento foi um verdadeiro sucesso e os que participaram ficaram satisfeito com os temas apresentados. Ainda segundo Leandro, agora \u00e9 hora de os conselheiros dar as m\u00e3os e conduzir os trabalhos mais fortalecidos em defesa da crian\u00e7a e do adolescente do munic\u00edpio.<\/font><\/p>\n<p align=\"justify\"><font size=\"3\" face=\"Arial\">Sem d\u00favidas nenhuma, essa forma\u00e7\u00e3o do conselho em Salo\u00e1 est\u00e1 sendo uma das mais atuantes de todos os tempos. Que o Conselho Tutelar seja sempre um \u00f3rg\u00e3o de grande import\u00e2ncia para a sociedade.<\/font><\/p>\n<div style=\"margin-top: 0px; margin-bottom: 0px;\" class=\"sharethis-inline-share-buttons\" ><\/div>","protected":false},"excerpt":{"rendered":"<p>Os conselheiros tutelares da cidade de Salo\u00e1\/PE participaram de mais uma capacita\u00e7\u00e3o, desta vez foi na cidade de Caruaru. Segundo o conselheiro Gideone Leandro o evento foi um verdadeiro sucesso e os que participaram ficaram satisfeito com os temas apresentados. Ainda segundo Leandro, agora \u00e9 hora de os conselheiros dar as m\u00e3os e conduzir os [&hellip;]<\/p>\n","protected":false},"author":1,"featured_media":0,"comment_status":"open","ping_status":"open","sticky":false,"template":"","format":"standard","meta":{"footnotes":""},"categories":[2],"tags":[],"class_list":["post-1775","post","type-post","status-publish","format-standard","hentry","category-noticias-do-dia"],"_links":{"self":[{"href":"https:\/\/www.saloanoticias.com\/v1\/wp-json\/wp\/v2\/posts\/1775","targetHints":{"allow":["GET"]}}],"collection":[{"href":"https:\/\/www.saloanoticias.com\/v1\/wp-json\/wp\/v2\/posts"}],"about":[{"href":"https:\/\/www.saloanoticias.com\/v1\/wp-json\/wp\/v2\/types\/post"}],"author":[{"embeddable":true,"href":"https:\/\/www.saloanoticias.com\/v1\/wp-json\/wp\/v2\/users\/1"}],"replies":[{"embeddable":true,"href":"https:\/\/www.saloanoticias.com\/v1\/wp-json\/wp\/v2\/comments?post=1775"}],"version-history":[{"count":0,"href":"https:\/\/www.saloanoticias.com\/v1\/wp-json\/wp\/v2\/posts\/1775\/revisions"}],"wp:attachment":[{"href":"https:\/\/www.saloanoticias.com\/v1\/wp-json\/wp\/v2\/media?parent=1775"}],"wp:term":[{"taxonomy":"category","embeddable":true,"href":"https:\/\/www.saloanoticias.com\/v1\/wp-json\/wp\/v2\/categories?post=1775"},{"taxonomy":"post_tag","embeddable":true,"href":"https:\/\/www.saloanoticias.com\/v1\/wp-json\/wp\/v2\/tags?post=1775"}],"curies":[{"name":"wp","href":"https:\/\/api.w.org\/{rel}","templated":true}]}}