{"id":1773,"date":"2015-04-25T17:06:06","date_gmt":"2015-04-25T17:06:06","guid":{"rendered":"https:\/\/saloanoticias.mrmediaweb.com\/v1\/2015\/04\/25\/padre-adriano-deixa-a-paroquia-de-saloa\/"},"modified":"2015-04-25T17:06:06","modified_gmt":"2015-04-25T17:06:06","slug":"padre-adriano-deixa-a-paroquia-de-saloa","status":"publish","type":"post","link":"https:\/\/www.saloanoticias.com\/v1\/padre-adriano-deixa-a-paroquia-de-saloa\/","title":{"rendered":"Pe. ADRIANO SANTOS DEIXAR\u00c1 A PAR\u00d3QUIA DE SALO\u00c1 NOS PR\u00d3XIMOS DIAS"},"content":{"rendered":"<p align=\"justify\"><font size=\"3\" face=\"Arial\"><a href=\"http:\/\/www.saloanoticias.com\/images\/padre-adriano-santos.jpg\"><img loading=\"lazy\" decoding=\"async\" title=\"Padre Adriano Santos\" style=\"border-top: 0px; border-right: 0px; background-image: none; border-bottom: 0px; float: left; padding-top: 0px; padding-left: 0px; margin: 5px 5px 0px 0px; border-left: 0px; display: inline; padding-right: 0px\" border=\"0\" alt=\"Padre Adriano Santos\" align=\"left\" src=\"http:\/\/www.saloanoticias.com\/v1\/wp-content\/uploads\/imagens\/padre-adriano-santos_thumb.jpg\" width=\"240\" height=\"237\"><\/a>COM INFORMA\u00c7\u00d5ES DO BLOG AGRESTE MIX&nbsp; &#8211;&nbsp; Chegou uma informa\u00e7\u00e3o em nosso blog, que o Padre Adriano Santos vai deixar a Par\u00f3quia de Salo\u00e1.&nbsp; Procuramos saber a veracidade da informa\u00e7\u00e3o com o pr\u00f3prio sacerdote, que cordialmente nos recebeu em sua resid\u00eancia e afirmou a sua sa\u00edda de nossa Par\u00f3quia. <\/font><font size=\"3\" face=\"Arial\">Na pr\u00f3xima segunda-feira o Revm\u00ba Monsenhor Benevenuto S\u00e1tiro de Ara\u00fajo administrador Diocesano, vai marcar o dia da transfer\u00eancia do sacerdote que j\u00e1 tem destino certo, a cidade de Jucati.<\/font> <\/p>\n<p align=\"justify\"><font size=\"3\" face=\"Arial\">Segundo o Padre Adriano, desde o \u00faltimo epis\u00f3dio do confronto dos evang\u00e9licos com os cat\u00f3licos, quando na pra\u00e7a, onde estava acontecendo um luau promovido pela Igreja Cat\u00f3lica, os protestantes colocaram um carro de som que atrapalhou o luau. O sacerdote se sentiu humilhado p\u00f3s o mesmo ter informado as autoridades municipais, mesmo assim autorizaram outro evento na mesma pra\u00e7a com o carro de som. <\/font><\/p>\n<p align=\"justify\"><font size=\"3\" face=\"Arial\">O Padre tamb\u00e9m nos confiou que outro epis\u00f3dio semelhante aconteceu no Povoado Serrinha da Prata, onde o Sacerdote teve que pedi para baixa um som dos evang\u00e9licos que estava na pra\u00e7a atrapalhando a celebra\u00e7\u00e3o da Missa. <\/font><font size=\"3\" face=\"Arial\">O Padre Everaldo da cidade de Jucati vai assumir a Par\u00f3quia de Salo\u00e1 e o Padre Adriano a Par\u00f3quia de Jucati.<\/font> <\/p>\n<p align=\"justify\"><b><font size=\"3\" face=\"Arial\">A mudan\u00e7a: <\/font><\/b><font size=\"3\" face=\"Arial\">Deste a transfer\u00eancia do Padre Rivaldo que o sacerdote assumiu o comando da Par\u00f3quia e abonou continuidade as obras das Igrejas.<\/font> <\/p>\n<p align=\"justify\"><font face=\"Arial\"><font size=\"3\"><b>Trabalhos executados<\/b><b>:<\/b> Igreja de S\u00e3o Sebasti\u00e3o no Povoado Serinha da Prata, Igreja de S\u00e3o Sebasti\u00e3o do Povoado Gigante, Igreja do Sagrado Cora\u00e7\u00e3o de Jesus na Vila de Iateca, fachada da casa do Padre, adquiriu dois terrenos para constru\u00e7\u00e3o de mais duas capelas e j\u00e1 havia come\u00e7ado a constru\u00e7\u00f5es e amplia\u00e7\u00e3o do sal\u00e3o Paroquial e secretaria Paroquial.<\/font><\/font> <\/p>\n<p align=\"justify\"><b><font size=\"3\" face=\"Arial\">Independ\u00eancia pr\u00f3pria: <\/font><\/b><font size=\"3\" face=\"Arial\">Para n\u00e3o depender de carro de som de pol\u00edticos, foi adquirido um som m\u00f3vel, para a realiza\u00e7\u00e3o de prociss\u00e3o e evangelizar\u00e3o na sona urbana e rural do munic\u00edpio. <\/font><font size=\"3\" face=\"Arial\">Tudo aconteceu em um curto tempo que o sacerdote assumiu a Par\u00f3quia de S\u00e3o Vicente em Salo\u00e1. <\/font><font size=\"3\" face=\"Arial\">Deste j\u00e1, desejamos boa sorte na nova miss\u00e3o, que Deus ilumine seu caminho. para&nbsp; o novo Padre Seja bem Vindo a terra dos confrontos.<\/font><\/p>\n<div style=\"margin-top: 0px; margin-bottom: 0px;\" class=\"sharethis-inline-share-buttons\" ><\/div>","protected":false},"excerpt":{"rendered":"<p>COM INFORMA\u00c7\u00d5ES DO BLOG AGRESTE MIX&nbsp; &#8211;&nbsp; Chegou uma informa\u00e7\u00e3o em nosso blog, que o Padre Adriano Santos vai deixar a Par\u00f3quia de Salo\u00e1.&nbsp; Procuramos saber a veracidade da informa\u00e7\u00e3o com o pr\u00f3prio sacerdote, que cordialmente nos recebeu em sua resid\u00eancia e afirmou a sua sa\u00edda de nossa Par\u00f3quia. Na pr\u00f3xima segunda-feira o Revm\u00ba Monsenhor [&hellip;]<\/p>\n","protected":false},"author":1,"featured_media":0,"comment_status":"open","ping_status":"open","sticky":false,"template":"","format":"standard","meta":{"footnotes":""},"categories":[2],"tags":[],"class_list":["post-1773","post","type-post","status-publish","format-standard","hentry","category-noticias-do-dia"],"_links":{"self":[{"href":"https:\/\/www.saloanoticias.com\/v1\/wp-json\/wp\/v2\/posts\/1773","targetHints":{"allow":["GET"]}}],"collection":[{"href":"https:\/\/www.saloanoticias.com\/v1\/wp-json\/wp\/v2\/posts"}],"about":[{"href":"https:\/\/www.saloanoticias.com\/v1\/wp-json\/wp\/v2\/types\/post"}],"author":[{"embeddable":true,"href":"https:\/\/www.saloanoticias.com\/v1\/wp-json\/wp\/v2\/users\/1"}],"replies":[{"embeddable":true,"href":"https:\/\/www.saloanoticias.com\/v1\/wp-json\/wp\/v2\/comments?post=1773"}],"version-history":[{"count":0,"href":"https:\/\/www.saloanoticias.com\/v1\/wp-json\/wp\/v2\/posts\/1773\/revisions"}],"wp:attachment":[{"href":"https:\/\/www.saloanoticias.com\/v1\/wp-json\/wp\/v2\/media?parent=1773"}],"wp:term":[{"taxonomy":"category","embeddable":true,"href":"https:\/\/www.saloanoticias.com\/v1\/wp-json\/wp\/v2\/categories?post=1773"},{"taxonomy":"post_tag","embeddable":true,"href":"https:\/\/www.saloanoticias.com\/v1\/wp-json\/wp\/v2\/tags?post=1773"}],"curies":[{"name":"wp","href":"https:\/\/api.w.org\/{rel}","templated":true}]}}