{"id":1772,"date":"2015-04-25T13:51:15","date_gmt":"2015-04-25T13:51:15","guid":{"rendered":"https:\/\/saloanoticias.mrmediaweb.com\/v1\/2015\/04\/25\/armando-volta-a-trabalhar-em-caetes-apos-cirurgia\/"},"modified":"2015-04-25T13:51:15","modified_gmt":"2015-04-25T13:51:15","slug":"armando-volta-a-trabalhar-em-caetes-apos-cirurgia","status":"publish","type":"post","link":"https:\/\/www.saloanoticias.com\/v1\/armando-volta-a-trabalhar-em-caetes-apos-cirurgia\/","title":{"rendered":"ARMANDO VOLTA A TRABALHAR EM CAET\u00c9S AP\u00d3S CIRURGIA CARD\u00cdACA"},"content":{"rendered":"<p align=\"justify\"><font size=\"3\" face=\"Arial\"><a href=\"http:\/\/www.saloanoticias.com\/images\/salo-n_b112c947e7f68aaf0cb56bc177eea6a8.jpg\"><img loading=\"lazy\" decoding=\"async\" title=\"Salo&aacute; N\" style=\"border-top: 0px; border-right: 0px; background-image: none; border-bottom: 0px; float: none; padding-top: 0px; padding-left: 0px; margin: 0px auto 10px; border-left: 0px; display: block; padding-right: 0px\" border=\"0\" alt=\"Salo&aacute; N\" src=\"http:\/\/www.saloanoticias.com\/v1\/wp-content\/uploads\/imagens\/salo-n_thumb_6535f06a38518df36e2c51be3099e983.jpg\" width=\"514\" height=\"387\"><\/a>Ap\u00f3s passar por cirurgia card\u00edaca no ultimo dia 14, o prefeito de Caet\u00e9s, Armando Duarte apresentou uma recupera\u00e7\u00e3o impressionante. O gestor municipal, nesta sexta-feira 24, voltou as atividades e despachou na sede da prefeitura de Caet\u00e9s para a alegria da sua equipe de governo e da popula\u00e7\u00e3o local que vem acompanhando com satisfa\u00e7\u00e3o a boa gest\u00e3o que o governante vem realizando com in\u00fameras obras em andamento e a\u00e7\u00f5es que tem mudado para melhor o munic\u00edpio de Caet\u00e9s. Fonte \u2013 Blog Amo Caet\u00e9s<\/font><\/p>\n<div style=\"margin-top: 0px; margin-bottom: 0px;\" class=\"sharethis-inline-share-buttons\" ><\/div>","protected":false},"excerpt":{"rendered":"<p>Ap\u00f3s passar por cirurgia card\u00edaca no ultimo dia 14, o prefeito de Caet\u00e9s, Armando Duarte apresentou uma recupera\u00e7\u00e3o impressionante. O gestor municipal, nesta sexta-feira 24, voltou as atividades e despachou na sede da prefeitura de Caet\u00e9s para a alegria da sua equipe de governo e da popula\u00e7\u00e3o local que vem acompanhando com satisfa\u00e7\u00e3o a boa [&hellip;]<\/p>\n","protected":false},"author":1,"featured_media":0,"comment_status":"open","ping_status":"open","sticky":false,"template":"","format":"standard","meta":{"footnotes":""},"categories":[2],"tags":[],"class_list":["post-1772","post","type-post","status-publish","format-standard","hentry","category-noticias-do-dia"],"_links":{"self":[{"href":"https:\/\/www.saloanoticias.com\/v1\/wp-json\/wp\/v2\/posts\/1772","targetHints":{"allow":["GET"]}}],"collection":[{"href":"https:\/\/www.saloanoticias.com\/v1\/wp-json\/wp\/v2\/posts"}],"about":[{"href":"https:\/\/www.saloanoticias.com\/v1\/wp-json\/wp\/v2\/types\/post"}],"author":[{"embeddable":true,"href":"https:\/\/www.saloanoticias.com\/v1\/wp-json\/wp\/v2\/users\/1"}],"replies":[{"embeddable":true,"href":"https:\/\/www.saloanoticias.com\/v1\/wp-json\/wp\/v2\/comments?post=1772"}],"version-history":[{"count":0,"href":"https:\/\/www.saloanoticias.com\/v1\/wp-json\/wp\/v2\/posts\/1772\/revisions"}],"wp:attachment":[{"href":"https:\/\/www.saloanoticias.com\/v1\/wp-json\/wp\/v2\/media?parent=1772"}],"wp:term":[{"taxonomy":"category","embeddable":true,"href":"https:\/\/www.saloanoticias.com\/v1\/wp-json\/wp\/v2\/categories?post=1772"},{"taxonomy":"post_tag","embeddable":true,"href":"https:\/\/www.saloanoticias.com\/v1\/wp-json\/wp\/v2\/tags?post=1772"}],"curies":[{"name":"wp","href":"https:\/\/api.w.org\/{rel}","templated":true}]}}