{"id":1771,"date":"2015-04-24T13:24:14","date_gmt":"2015-04-24T13:24:14","guid":{"rendered":"https:\/\/saloanoticias.mrmediaweb.com\/v1\/2015\/04\/24\/as-obras-nao-param-em-saloa-pe\/"},"modified":"2015-04-24T13:24:14","modified_gmt":"2015-04-24T13:24:14","slug":"as-obras-nao-param-em-saloa-pe","status":"publish","type":"post","link":"https:\/\/www.saloanoticias.com\/v1\/as-obras-nao-param-em-saloa-pe\/","title":{"rendered":"AS OBRAS N\u00c3O PARAM EM SALO\u00c1\/PE"},"content":{"rendered":"<p align=\"justify\"><font size=\"3\" face=\"Arial\"><a href=\"http:\/\/www.saloanoticias.com\/images\/salo-notcias-9_c137c1c21235d5edd3fc68f709cbd923.jpg\"><img loading=\"lazy\" decoding=\"async\" title=\"Salo&aacute; Not&iacute;cias 9\" style=\"border-top: 0px; border-right: 0px; background-image: none; border-bottom: 0px; float: none; padding-top: 0px; padding-left: 0px; margin: 0px auto 10px; border-left: 0px; display: block; padding-right: 0px\" border=\"0\" alt=\"Salo&aacute; Not&iacute;cias 9\" src=\"http:\/\/www.saloanoticias.com\/v1\/wp-content\/uploads\/imagens\/salo-notcias-9_thumb_deb25c6e51e76dacd741b75f436e92c7.jpg\" width=\"548\" height=\"329\"><\/a>A cada dia que se passa mais obras est\u00e3o s\u00e3o destacadas e realizadas no munic\u00edpio de Salo\u00e1. As maquinas n\u00e3o param de trabalhar, estradas e barreiros s\u00e3o refeitos no Governo do Prefeito Ricardo (PMDB) e a popula\u00e7\u00e3o tem se agradado do que est\u00e1 vendo. Segundo o secret\u00e1rio do governo, Marco Aur\u00e9lio, mais conhecido como Maruim, os trabalhos agora \u00e9 que ser\u00e3o intensificados e, as a\u00e7\u00f5es do governo ser\u00e3o implantadas em cada recanto do munic\u00edpio, assim como j\u00e1 vinha acontecendo desde o come\u00e7o da gest\u00e3o do prefeito.<\/font> <\/p>\n<p align=\"justify\"><font size=\"3\" face=\"Arial\">Ainda segundo ele, Salo\u00e1 continuar\u00e1 sendo conhecido como o munic\u00edpio das boas estradas, isso por que, o prefeito tem uma grande preocupa\u00e7\u00e3o em deixar as vicinais sempre bem feitas o que facilita a vida das pessoas que se deslocam dos s\u00edtios para a sede e, tamb\u00e9m, da cidade para outros munic\u00edpio vizinhos atrav\u00e9s dessas vias que ainda n\u00e3o s\u00e3o asfaltadas. Ele destaca que o fluxo de ve\u00edculos com passageiros \u00e9 ainda maior nas quartas-feiras, onde os moradores da zona rural v\u00e3o fazer suas compras. Com informa\u00e7\u00f5es do blog Agreste Mix.<\/font><\/p>\n<div style=\"margin-top: 0px; margin-bottom: 0px;\" class=\"sharethis-inline-share-buttons\" ><\/div>","protected":false},"excerpt":{"rendered":"<p>A cada dia que se passa mais obras est\u00e3o s\u00e3o destacadas e realizadas no munic\u00edpio de Salo\u00e1. As maquinas n\u00e3o param de trabalhar, estradas e barreiros s\u00e3o refeitos no Governo do Prefeito Ricardo (PMDB) e a popula\u00e7\u00e3o tem se agradado do que est\u00e1 vendo. Segundo o secret\u00e1rio do governo, Marco Aur\u00e9lio, mais conhecido como Maruim, [&hellip;]<\/p>\n","protected":false},"author":1,"featured_media":0,"comment_status":"open","ping_status":"open","sticky":false,"template":"","format":"standard","meta":{"footnotes":""},"categories":[2],"tags":[],"class_list":["post-1771","post","type-post","status-publish","format-standard","hentry","category-noticias-do-dia"],"_links":{"self":[{"href":"https:\/\/www.saloanoticias.com\/v1\/wp-json\/wp\/v2\/posts\/1771","targetHints":{"allow":["GET"]}}],"collection":[{"href":"https:\/\/www.saloanoticias.com\/v1\/wp-json\/wp\/v2\/posts"}],"about":[{"href":"https:\/\/www.saloanoticias.com\/v1\/wp-json\/wp\/v2\/types\/post"}],"author":[{"embeddable":true,"href":"https:\/\/www.saloanoticias.com\/v1\/wp-json\/wp\/v2\/users\/1"}],"replies":[{"embeddable":true,"href":"https:\/\/www.saloanoticias.com\/v1\/wp-json\/wp\/v2\/comments?post=1771"}],"version-history":[{"count":0,"href":"https:\/\/www.saloanoticias.com\/v1\/wp-json\/wp\/v2\/posts\/1771\/revisions"}],"wp:attachment":[{"href":"https:\/\/www.saloanoticias.com\/v1\/wp-json\/wp\/v2\/media?parent=1771"}],"wp:term":[{"taxonomy":"category","embeddable":true,"href":"https:\/\/www.saloanoticias.com\/v1\/wp-json\/wp\/v2\/categories?post=1771"},{"taxonomy":"post_tag","embeddable":true,"href":"https:\/\/www.saloanoticias.com\/v1\/wp-json\/wp\/v2\/tags?post=1771"}],"curies":[{"name":"wp","href":"https:\/\/api.w.org\/{rel}","templated":true}]}}