{"id":1770,"date":"2015-04-24T00:00:00","date_gmt":"2015-04-24T00:00:00","guid":{"rendered":"https:\/\/saloanoticias.mrmediaweb.com\/v1\/2015\/04\/24\/armando-monteiro-e-operado-em-sao-paulo\/"},"modified":"2015-04-24T00:00:00","modified_gmt":"2015-04-24T00:00:00","slug":"armando-monteiro-e-operado-em-sao-paulo","status":"publish","type":"post","link":"https:\/\/www.saloanoticias.com\/v1\/armando-monteiro-e-operado-em-sao-paulo\/","title":{"rendered":"ARMANDO MONTEIRO FOI OPERADO EM S\u00c3O PAULO NA TER\u00c7A-FEIRA (21)"},"content":{"rendered":"<p align=\"justify\"><font size=\"3\" face=\"Arial\"><a href=\"http:\/\/www.saloanoticias.com\/images\/armando_monteiro_0e59d0c1945500137897692ac3260384.jpg\"><img loading=\"lazy\" decoding=\"async\" title=\"armando_monteiro\" style=\"border-top: 0px; border-right: 0px; background-image: none; border-bottom: 0px; float: left; padding-top: 0px; padding-left: 0px; margin: 5px 5px 0px 0px; border-left: 0px; display: inline; padding-right: 0px\" border=\"0\" alt=\"armando_monteiro\" src=\"http:\/\/www.saloanoticias.com\/v1\/wp-content\/uploads\/imagens\/armando_monteiro_thumb_228ca90261f6d39cdc77af7e4739c2eb.jpg\" width=\"240\" align=\"left\" height=\"235\"><\/a>O ministro do Desenvolvimento, Ind\u00fastria e Com\u00e9rcio Exterior, Armando Monteiro Neto, foi submetido nessa ter\u00e7a-feira, dia 21, a um cateterismo no Hospital Sirio-Liban\u00eas, em S\u00e3o Paulo, informou a assessoria de imprensa da pasta.O cateterismo \u00e9 um procedimento invasivo que serve para examinar vasos sangu\u00edneos e o interior do cora\u00e7\u00e3o.<\/font> <font size=\"3\" face=\"Arial\">Segundo a assessoria do minist\u00e9rio, o&nbsp; procedimento estava agendado. Ainda de acordo com a pasta, Monteiro \u201cpassa bem\u201d. N\u00e3o h\u00e1 previs\u00e3o de quando ele receber\u00e1 alta.<\/font>  <\/p>\n<p align=\"justify\"><font size=\"3\" face=\"Arial\">Ao G1, o Minist\u00e9rio do Desenvolvimento, Ind\u00fastria e Com\u00e9rcio informou que, durante o cateterismo, foi colocado um stent (equipamento utilizado para desobstruir art\u00e9rias) no cora\u00e7\u00e3o do ministro. Segundo a pasta, o procedimento foi &#8220;bem-sucedido&#8221; e Armando Monteiro aguarda alta nos pr\u00f3ximos dias.<\/font> <font size=\"3\" face=\"Arial\">Leia abaixo a \u00edntegra da nota divulgada pelo Minist\u00e9rio do Desenvolvimento: <\/font><b><font face=\"Arial\"><font size=\"3\"><i>&#8220;O ministro Armando Monteiro passou por procedimento de cateterismo no dia de ontem, em S\u00e3o Paulo, para coloca\u00e7\u00e3o de um stent no cora\u00e7\u00e3o. O procedimento foi bem-sucedido, o ministro passa bem e aguarda alta nos pr\u00f3ximos dias.&#8221; <\/i>(Com informa\u00e7\u00f5es do G1).<\/font><\/font><\/b><\/p>\n<p align=\"justify\"><font size=\"3\" face=\"Arial\">Diante dos \u00faltimos acontecimentos noticiados nos v\u00e1rios meios de comunica\u00e7\u00e3o, percebemos que a bruxa anda solta para os lados dos pol\u00edticpos brasileiros. Somente esta semana, dois deputados faleceram e v\u00e1rios outros passaram por interven\u00e7\u00f5es cir\u00fargicas. Meu Deus, tenha miseric\u00f3rdia !!!<\/font><\/p>\n<p align=\"justify\"><font size=\"3\" face=\"Arial\"><\/font><\/p>\n<div style=\"margin-top: 0px; margin-bottom: 0px;\" class=\"sharethis-inline-share-buttons\" ><\/div>","protected":false},"excerpt":{"rendered":"<p>O ministro do Desenvolvimento, Ind\u00fastria e Com\u00e9rcio Exterior, Armando Monteiro Neto, foi submetido nessa ter\u00e7a-feira, dia 21, a um cateterismo no Hospital Sirio-Liban\u00eas, em S\u00e3o Paulo, informou a assessoria de imprensa da pasta.O cateterismo \u00e9 um procedimento invasivo que serve para examinar vasos sangu\u00edneos e o interior do cora\u00e7\u00e3o. Segundo a assessoria do minist\u00e9rio, o&nbsp; [&hellip;]<\/p>\n","protected":false},"author":1,"featured_media":0,"comment_status":"open","ping_status":"open","sticky":false,"template":"","format":"standard","meta":{"footnotes":""},"categories":[2],"tags":[],"class_list":["post-1770","post","type-post","status-publish","format-standard","hentry","category-noticias-do-dia"],"_links":{"self":[{"href":"https:\/\/www.saloanoticias.com\/v1\/wp-json\/wp\/v2\/posts\/1770","targetHints":{"allow":["GET"]}}],"collection":[{"href":"https:\/\/www.saloanoticias.com\/v1\/wp-json\/wp\/v2\/posts"}],"about":[{"href":"https:\/\/www.saloanoticias.com\/v1\/wp-json\/wp\/v2\/types\/post"}],"author":[{"embeddable":true,"href":"https:\/\/www.saloanoticias.com\/v1\/wp-json\/wp\/v2\/users\/1"}],"replies":[{"embeddable":true,"href":"https:\/\/www.saloanoticias.com\/v1\/wp-json\/wp\/v2\/comments?post=1770"}],"version-history":[{"count":0,"href":"https:\/\/www.saloanoticias.com\/v1\/wp-json\/wp\/v2\/posts\/1770\/revisions"}],"wp:attachment":[{"href":"https:\/\/www.saloanoticias.com\/v1\/wp-json\/wp\/v2\/media?parent=1770"}],"wp:term":[{"taxonomy":"category","embeddable":true,"href":"https:\/\/www.saloanoticias.com\/v1\/wp-json\/wp\/v2\/categories?post=1770"},{"taxonomy":"post_tag","embeddable":true,"href":"https:\/\/www.saloanoticias.com\/v1\/wp-json\/wp\/v2\/tags?post=1770"}],"curies":[{"name":"wp","href":"https:\/\/api.w.org\/{rel}","templated":true}]}}