{"id":1756,"date":"2015-04-17T14:59:08","date_gmt":"2015-04-17T14:59:08","guid":{"rendered":"https:\/\/saloanoticias.mrmediaweb.com\/v1\/2015\/04\/17\/3-972-pessoas-concorream-no-concurso-publico-de-saloa\/"},"modified":"2015-04-17T14:59:08","modified_gmt":"2015-04-17T14:59:08","slug":"3-972-pessoas-concorream-no-concurso-publico-de-saloa","status":"publish","type":"post","link":"https:\/\/www.saloanoticias.com\/v1\/3-972-pessoas-concorream-no-concurso-publico-de-saloa\/","title":{"rendered":"3.972 CANDIDATOS CONCORRER\u00c3O A UMA DAS VAGAS NO CONCURSO DE SALO\u00c1"},"content":{"rendered":"<p align=\"justify\"><font size=\"3\" face=\"Arial\"><a href=\"http:\/\/www.saloanoticias.com\/images\/ricardo-alves-prefeito_9e4e83f0aef38e4328a53cdc2ff489cf.jpg\"><img loading=\"lazy\" decoding=\"async\" title=\"Ricardo Alves Prefeito\" style=\"border-top: 0px; border-right: 0px; background-image: none; border-bottom: 0px; float: none; padding-top: 0px; padding-left: 0px; margin: 0px auto 10px; border-left: 0px; display: block; padding-right: 0px\" border=\"0\" alt=\"Ricardo Alves Prefeito\" src=\"http:\/\/www.saloanoticias.com\/v1\/wp-content\/uploads\/imagens\/ricardo-alves-prefeito_thumb_09ea62eef8a9c5dee3145835e178c3a7.jpg\" width=\"425\" height=\"370\"><\/a>O Governo de Salo\u00e1, por meio da Secretaria de Administra\u00e7\u00e3o e o Instituto de ADM&amp;TEC, realizam neste final de semana, dias 18 e 19 de abril o Concurso P\u00fablico para provimento de cargos efetivos do quadro de pessoal da Prefeitura Municipal. Foram disponibilizadas 134 vagas para profissionais distribu\u00eddos em 32 cargos de n\u00edveis fundamental, m\u00e9dio e superior. <\/font><font size=\"3\" face=\"Arial\">O prefeito Ricardo Alves (PMDB) de Salo\u00e1 orientou \u00e0 comiss\u00e3o do concurso para que disponibilizasse o edital em v\u00e1rios murais, divulgando o m\u00e1ximo poss\u00edvel tamb\u00e9m nos meios de comunica\u00e7\u00e3o como r\u00e1dio, jornal e internet..<\/font> <\/p>\n<p align=\"justify\"><font size=\"3\" face=\"Arial\">As inscri\u00e7\u00f5es foram realizadas pela p\u00e1gina da prefeitura na internet (www.saloa.pe.gov.br) e na p\u00e1gina oficial do Instituto (www.admtec.org.br). De acordo com o representante da ADM&amp;TEC, Tito Leonardo Sales, 3.972 pessoas est\u00e3o aptas a concorrerem aos cargos. <\/font><font size=\"3\" face=\"Arial\">As provas ser\u00e3o compostas por 30 (trinta) quest\u00f5es objetivas, sendo 20 (vinte) de conhecimentos gerais (portugu\u00eas e matem\u00e1tica) e 10 (dez) de conhecimentos espec\u00edficos, conforme cada fun\u00e7\u00e3o.<\/font> <\/p>\n<p align=\"justify\"><font size=\"3\" face=\"Arial\">Os concurseiros dever\u00e3o prestar aten\u00e7\u00e3o ao local da prova que est\u00e1 impresso no cart\u00e3o de inscri\u00e7\u00e3o. Segundo os organizadores do certame \u00e9 importante que os inscritos cheguem com anteced\u00eancia de 01 hora para localizar suas salas com tranq\u00fcilidade e munidos de caneta azul ou preta.<\/font> <\/p>\n<p align=\"center\"><font size=\"4\" face=\"Arial\">Locais de realiza\u00e7\u00e3o das provas: <\/font> <\/p>\n<p align=\"center\"><font size=\"4\" face=\"Arial\">EREM \u2013 Monsenhor Jo\u00e3o Marques <\/font> <\/p>\n<p align=\"center\"><font size=\"4\" face=\"Arial\">Loteamento Jos\u00e9 Alves Bezerra \u2013 Salo\u00e1\/PE <\/font> <\/p>\n<p align=\"center\"><font size=\"4\" face=\"Arial\">Prolongamento da PE (Ap\u00f3s a borracharia padre C\u00edcero segue em frente uns 500 metros) <\/font> <\/p>\n<p align=\"center\"><font size=\"4\" face=\"Arial\">Escola Municipal S\u00e3o Vicente <\/font> <\/p>\n<p align=\"center\"><font size=\"4\" face=\"Arial\">Avenida Get\u00falio Vargas S\/N, Centro \u2013 Salo\u00e1\/PE <\/font> <\/p>\n<p align=\"center\"><font size=\"4\" face=\"Arial\">Em frente ao Hospital do Munic\u00edpio e ao lado do SAMU. <\/font> <\/p>\n<p align=\"center\"><font size=\"4\" face=\"Arial\">Hor\u00e1rios: <\/font> <\/p>\n<p align=\"center\"><font size=\"4\" face=\"Arial\">S\u00e1bado 18.04 <\/font> <\/p>\n<p align=\"center\"><font size=\"4\" face=\"Arial\">H: 15:00 \u2013 18:00 \u2013 Provas para n\u00edvel fundamental <\/font> <\/p>\n<p align=\"center\"><font size=\"4\" face=\"Arial\">Domingo 19.04 <\/font> <\/p>\n<p align=\"center\"><font size=\"4\" face=\"Arial\">Manha: 8:00 \u2013 11:00 \u2013 Provas para n\u00edvel superior <\/font> <\/p>\n<p align=\"center\"><font size=\"4\" face=\"Arial\">Tarde: 15:00 \u2013 18:00 \u2013 Provas para n\u00edvel m\u00e9dio<\/font><\/p>\n<div style=\"margin-top: 0px; margin-bottom: 0px;\" class=\"sharethis-inline-share-buttons\" ><\/div>","protected":false},"excerpt":{"rendered":"<p>O Governo de Salo\u00e1, por meio da Secretaria de Administra\u00e7\u00e3o e o Instituto de ADM&amp;TEC, realizam neste final de semana, dias 18 e 19 de abril o Concurso P\u00fablico para provimento de cargos efetivos do quadro de pessoal da Prefeitura Municipal. Foram disponibilizadas 134 vagas para profissionais distribu\u00eddos em 32 cargos de n\u00edveis fundamental, m\u00e9dio [&hellip;]<\/p>\n","protected":false},"author":1,"featured_media":0,"comment_status":"open","ping_status":"open","sticky":false,"template":"","format":"standard","meta":{"footnotes":""},"categories":[2],"tags":[],"class_list":["post-1756","post","type-post","status-publish","format-standard","hentry","category-noticias-do-dia"],"_links":{"self":[{"href":"https:\/\/www.saloanoticias.com\/v1\/wp-json\/wp\/v2\/posts\/1756","targetHints":{"allow":["GET"]}}],"collection":[{"href":"https:\/\/www.saloanoticias.com\/v1\/wp-json\/wp\/v2\/posts"}],"about":[{"href":"https:\/\/www.saloanoticias.com\/v1\/wp-json\/wp\/v2\/types\/post"}],"author":[{"embeddable":true,"href":"https:\/\/www.saloanoticias.com\/v1\/wp-json\/wp\/v2\/users\/1"}],"replies":[{"embeddable":true,"href":"https:\/\/www.saloanoticias.com\/v1\/wp-json\/wp\/v2\/comments?post=1756"}],"version-history":[{"count":0,"href":"https:\/\/www.saloanoticias.com\/v1\/wp-json\/wp\/v2\/posts\/1756\/revisions"}],"wp:attachment":[{"href":"https:\/\/www.saloanoticias.com\/v1\/wp-json\/wp\/v2\/media?parent=1756"}],"wp:term":[{"taxonomy":"category","embeddable":true,"href":"https:\/\/www.saloanoticias.com\/v1\/wp-json\/wp\/v2\/categories?post=1756"},{"taxonomy":"post_tag","embeddable":true,"href":"https:\/\/www.saloanoticias.com\/v1\/wp-json\/wp\/v2\/tags?post=1756"}],"curies":[{"name":"wp","href":"https:\/\/api.w.org\/{rel}","templated":true}]}}