{"id":1742,"date":"2015-04-10T22:54:38","date_gmt":"2015-04-10T22:54:38","guid":{"rendered":"https:\/\/saloanoticias.mrmediaweb.com\/v1\/2015\/04\/10\/policia-militar-prende-o-bola-bandido-mais-temido-de-saloa\/"},"modified":"2015-04-10T22:54:38","modified_gmt":"2015-04-10T22:54:38","slug":"policia-militar-prende-o-bola-bandido-mais-temido-de-saloa","status":"publish","type":"post","link":"https:\/\/www.saloanoticias.com\/v1\/policia-militar-prende-o-bola-bandido-mais-temido-de-saloa\/","title":{"rendered":"POL\u00cdCIA MILITAR PRENDE O BOLA, BANDIDO MAIS TEMIDO DE SALO\u00c1"},"content":{"rendered":"<p align=\"justify\"><font size=\"3\" face=\"Arial\"><a href=\"http:\/\/www.saloanoticias.com\/images\/pms_dc8a48c15231463e1d14e999186953db.jpg\"><img loading=\"lazy\" decoding=\"async\" title=\"PMS\" style=\"border-top: 0px; border-right: 0px; background-image: none; border-bottom: 0px; float: none; padding-top: 0px; padding-left: 0px; margin: 0px auto 10px; border-left: 0px; display: block; padding-right: 0px\" border=\"0\" alt=\"PMS\" src=\"http:\/\/www.saloanoticias.com\/v1\/wp-content\/uploads\/imagens\/pms_thumb_988d7b937ebcc44f4fdf8f0abadfac92.jpg\" width=\"581\" height=\"378\"><\/a>Uma \u00f3tima not\u00edcia para a popula\u00e7\u00e3o de Salo\u00e1 e regi\u00e3o. \u00c9 que acabamos de ser informados que a Pol\u00edcia Militar de Pernambuco prendeu na tarde desta sexta-feira o elemento conhecido por Bola, o mesmo que h\u00e1 v\u00e1rios meses vinha aplicando o terror na cidade de Salo\u00e1. Bola era temido por todos e atuava nas redondezas do bairro Jos\u00e9 Alves Bezerra, que tamb\u00e9m \u00e9 conhecido por Cohab Nova. A informa\u00e7\u00e3o logo se espalhou pela cidade e uma verdadeira multid\u00e3o de populares se deslocaram at\u00e9 a porta da delegacia local para confirmar o fato.<\/font><\/p>\n<p align=\"justify\"><font size=\"3\" face=\"Arial\">Ainda pelas informa\u00e7\u00f5es que tivemos, a pol\u00edcia j\u00e1 estava na cola do Bola a muito tempo, mas sempre que o prendia o mesmo se livrava solto por ser menor de idade, por\u00e9m, agora este benef\u00edcio n\u00e3o poder ser alegado porque ele j\u00e1 tem 18 anos de idade. O meliante foi preso em flagrante pelos policiais Soldado Rivelino e o experiente Cabo \u00cdndio Cigano. Os policiais foram acionados por telefone depois de serem informados de um assalto na casa do Sr. Ant\u00f4nio Francisco, tamb\u00e9m morador da Cohab.<\/font><\/p>\n<p align=\"justify\"><font size=\"3\" face=\"Arial\">Bola tentava roubar um aparelho de DVD quando foi preso. Ele ainda tentou se evadir com a chegada dos PM\u2019s mas foi pego e n\u00e3o teve chances de fugir. Atrav\u00e9s das redes sociais a popula\u00e7\u00e3o vem demonstrando a sua satisfa\u00e7\u00e3o e agradecimento aos policiais que empreenderam a pris\u00e3o. Espera-se que o bola passe um bom tempo por tr\u00e1s das grandes, e assim, vai dar uma tr\u00e9gua nos roubos e assaltos na cidade. Foto retirada do Blog Agreste Mix.<\/font><\/p>\n<div style=\"margin-top: 0px; margin-bottom: 0px;\" class=\"sharethis-inline-share-buttons\" ><\/div>","protected":false},"excerpt":{"rendered":"<p>Uma \u00f3tima not\u00edcia para a popula\u00e7\u00e3o de Salo\u00e1 e regi\u00e3o. \u00c9 que acabamos de ser informados que a Pol\u00edcia Militar de Pernambuco prendeu na tarde desta sexta-feira o elemento conhecido por Bola, o mesmo que h\u00e1 v\u00e1rios meses vinha aplicando o terror na cidade de Salo\u00e1. Bola era temido por todos e atuava nas redondezas [&hellip;]<\/p>\n","protected":false},"author":1,"featured_media":0,"comment_status":"open","ping_status":"open","sticky":false,"template":"","format":"standard","meta":{"footnotes":""},"categories":[2],"tags":[],"class_list":["post-1742","post","type-post","status-publish","format-standard","hentry","category-noticias-do-dia"],"_links":{"self":[{"href":"https:\/\/www.saloanoticias.com\/v1\/wp-json\/wp\/v2\/posts\/1742","targetHints":{"allow":["GET"]}}],"collection":[{"href":"https:\/\/www.saloanoticias.com\/v1\/wp-json\/wp\/v2\/posts"}],"about":[{"href":"https:\/\/www.saloanoticias.com\/v1\/wp-json\/wp\/v2\/types\/post"}],"author":[{"embeddable":true,"href":"https:\/\/www.saloanoticias.com\/v1\/wp-json\/wp\/v2\/users\/1"}],"replies":[{"embeddable":true,"href":"https:\/\/www.saloanoticias.com\/v1\/wp-json\/wp\/v2\/comments?post=1742"}],"version-history":[{"count":0,"href":"https:\/\/www.saloanoticias.com\/v1\/wp-json\/wp\/v2\/posts\/1742\/revisions"}],"wp:attachment":[{"href":"https:\/\/www.saloanoticias.com\/v1\/wp-json\/wp\/v2\/media?parent=1742"}],"wp:term":[{"taxonomy":"category","embeddable":true,"href":"https:\/\/www.saloanoticias.com\/v1\/wp-json\/wp\/v2\/categories?post=1742"},{"taxonomy":"post_tag","embeddable":true,"href":"https:\/\/www.saloanoticias.com\/v1\/wp-json\/wp\/v2\/tags?post=1742"}],"curies":[{"name":"wp","href":"https:\/\/api.w.org\/{rel}","templated":true}]}}