{"id":1741,"date":"2015-04-10T02:44:03","date_gmt":"2015-04-10T02:44:03","guid":{"rendered":"https:\/\/saloanoticias.mrmediaweb.com\/v1\/2015\/04\/10\/capotamento-com-vitima-fatal-em-saloa\/"},"modified":"2015-04-10T02:44:03","modified_gmt":"2015-04-10T02:44:03","slug":"capotamento-com-vitima-fatal-em-saloa","status":"publish","type":"post","link":"https:\/\/www.saloanoticias.com\/v1\/capotamento-com-vitima-fatal-em-saloa\/","title":{"rendered":"ACIDENTE COM V\u00cdTIMA FATAL EM SALO\u00c1 NA NOITE DESTA QUINTA-FEIRA (9)"},"content":{"rendered":"<p align=\"justify\"><font size=\"3\" face=\"Arial\"><a href=\"http:\/\/www.saloanoticias.com\/images\/salo-notcias-9_c1dd58efe1b5705b15ad89a761245f5f.jpg\"><img loading=\"lazy\" decoding=\"async\" title=\"Salo&aacute; Not&iacute;cias 9\" style=\"border-top: 0px; border-right: 0px; background-image: none; border-bottom: 0px; float: none; padding-top: 0px; padding-left: 0px; margin: 0px auto 10px; border-left: 0px; display: block; padding-right: 0px\" border=\"0\" alt=\"Salo&aacute; Not&iacute;cias 9\" src=\"http:\/\/www.saloanoticias.com\/v1\/wp-content\/uploads\/imagens\/salo-notcias-9_thumb_95bc2765a7433f1d6b355b9518300be7.jpg\" width=\"484\" height=\"465\"><\/a>Aconteceu agora a pouco, por volta das 23:20 horas, desta quinta-feira (9), nas proximidades da casa do Sr. Galego de Mem\u00eddio, na sa\u00edda de Salo\u00e1 \u00e0 Bom Conselho, um capotamento com v\u00edtima fatal. Pelas primeiras informa\u00e7\u00f5es repassadas pela equipe do hospital de Salo\u00e1, um homem conhecido por Z\u00e9 Bocada, de aproximadamente 50 anos, natural do s\u00edtio Maciel, zona rural do munic\u00edpio, foi arremessado do ve\u00edculo capotado e morreu na hora no local do acidente.<\/font><\/p>\n<p align=\"justify\"><a href=\"http:\/\/www.saloanoticias.com\/images\/foto-30_1d726e3f8a202df3e89fcf48ebc25f33.jpg\"><img loading=\"lazy\" decoding=\"async\" title=\"foto (30)\" style=\"border-top: 0px; border-right: 0px; background-image: none; border-bottom: 0px; float: none; padding-top: 0px; padding-left: 0px; margin: 10px auto; border-left: 0px; display: block; padding-right: 0px\" border=\"0\" alt=\"foto (30)\" src=\"http:\/\/www.saloanoticias.com\/v1\/wp-content\/uploads\/imagens\/foto-30_thumb_8ab3b3d3961bf59e04a996cb1c831c15.jpg\" width=\"484\" height=\"363\"><\/a><\/p>\n<p align=\"justify\"><font size=\"3\" face=\"Arial\">A equipe do SAMU j\u00e1 se dirigiu ao local para saber se houve mais v\u00edtimas. A qualquer momento traremos mais informa\u00e7\u00f5es sobre este triste fato.<\/font><\/p>\n<div style=\"margin-top: 0px; margin-bottom: 0px;\" class=\"sharethis-inline-share-buttons\" ><\/div>","protected":false},"excerpt":{"rendered":"<p>Aconteceu agora a pouco, por volta das 23:20 horas, desta quinta-feira (9), nas proximidades da casa do Sr. Galego de Mem\u00eddio, na sa\u00edda de Salo\u00e1 \u00e0 Bom Conselho, um capotamento com v\u00edtima fatal. Pelas primeiras informa\u00e7\u00f5es repassadas pela equipe do hospital de Salo\u00e1, um homem conhecido por Z\u00e9 Bocada, de aproximadamente 50 anos, natural do [&hellip;]<\/p>\n","protected":false},"author":1,"featured_media":0,"comment_status":"open","ping_status":"open","sticky":false,"template":"","format":"standard","meta":{"footnotes":""},"categories":[2],"tags":[],"class_list":["post-1741","post","type-post","status-publish","format-standard","hentry","category-noticias-do-dia"],"_links":{"self":[{"href":"https:\/\/www.saloanoticias.com\/v1\/wp-json\/wp\/v2\/posts\/1741","targetHints":{"allow":["GET"]}}],"collection":[{"href":"https:\/\/www.saloanoticias.com\/v1\/wp-json\/wp\/v2\/posts"}],"about":[{"href":"https:\/\/www.saloanoticias.com\/v1\/wp-json\/wp\/v2\/types\/post"}],"author":[{"embeddable":true,"href":"https:\/\/www.saloanoticias.com\/v1\/wp-json\/wp\/v2\/users\/1"}],"replies":[{"embeddable":true,"href":"https:\/\/www.saloanoticias.com\/v1\/wp-json\/wp\/v2\/comments?post=1741"}],"version-history":[{"count":0,"href":"https:\/\/www.saloanoticias.com\/v1\/wp-json\/wp\/v2\/posts\/1741\/revisions"}],"wp:attachment":[{"href":"https:\/\/www.saloanoticias.com\/v1\/wp-json\/wp\/v2\/media?parent=1741"}],"wp:term":[{"taxonomy":"category","embeddable":true,"href":"https:\/\/www.saloanoticias.com\/v1\/wp-json\/wp\/v2\/categories?post=1741"},{"taxonomy":"post_tag","embeddable":true,"href":"https:\/\/www.saloanoticias.com\/v1\/wp-json\/wp\/v2\/tags?post=1741"}],"curies":[{"name":"wp","href":"https:\/\/api.w.org\/{rel}","templated":true}]}}