{"id":1740,"date":"2015-04-10T13:00:00","date_gmt":"2015-04-10T13:00:00","guid":{"rendered":"https:\/\/saloanoticias.mrmediaweb.com\/v1\/2015\/04\/10\/camara-de-saloa-aprova-lei-do-transporte-alternativo\/"},"modified":"2015-04-10T13:00:00","modified_gmt":"2015-04-10T13:00:00","slug":"camara-de-saloa-aprova-lei-do-transporte-alternativo","status":"publish","type":"post","link":"https:\/\/www.saloanoticias.com\/v1\/camara-de-saloa-aprova-lei-do-transporte-alternativo\/","title":{"rendered":"C\u00c2MARA DE VEREADORES DE SALO\u00c1 APROVA LEI DO TRANSPORTE ALTERNATIVO"},"content":{"rendered":"<p align=\"justify\"><font size=\"3\" face=\"Arial\"><a href=\"http:\/\/www.saloanoticias.com\/images\/prefeitura-de-salo_61524d7739c21cbd60bb23ebdd794a01.jpg\"><img loading=\"lazy\" decoding=\"async\" title=\"Prefeitura de Salo&aacute;\" style=\"border-left-width: 0px; border-right-width: 0px; background-image: none; border-bottom-width: 0px; float: none; padding-top: 0px; padding-left: 0px; margin: 0px auto 10px; display: block; padding-right: 0px; border-top-width: 0px\" border=\"0\" alt=\"Prefeitura de Salo&aacute;\" src=\"http:\/\/www.saloanoticias.com\/v1\/wp-content\/uploads\/imagens\/prefeitura-de-salo_thumb_ed99b83e085ce926df3946b79f1f5275.jpg\" width=\"495\" height=\"371\"><\/a>A partir de agora o munic\u00edpio de Salo\u00e1 entra no rol de cidades que possuem uma legisla\u00e7\u00e3o pr\u00f3pria para regular os transportes alternativos. Isso por que uma lei foi aprovada na tarde de ontem, quinta-feira (09) que trata do assunto. O projeto da nova lei que entrar\u00e1 em vigor nos pr\u00f3ximos dias foi enviada pela prefeitura e aprovado na \u00edntegra, ou seja, sem emendas pela maioria dos edis. Desde a funda\u00e7\u00e3o da cidade nunca havia sido debatido ou enviado ao legislativo uma mat\u00e9ria que tratasse desse tema.<\/font><\/p>\n<p align=\"justify\"><font size=\"3\" face=\"Arial\">Como se observa, o atual prefeito veio para organizar as coisas em Salo\u00e1, e aos poucos, est\u00e1 deixando a casa em ordem. Agora os loteiros est\u00e3o regularizados junto ao munic\u00edpio e ter\u00e3o in\u00fameros benef\u00edcios, como por exemplo: Poder\u00e3o receber financiamentos de bancos para compra de ve\u00edculos, poder\u00e3o contribuir junto ao INSS para quest\u00f5es previdenci\u00e1rias dentre outras coisas mais. O projeto foi aprovado, mesmo depois de muita discurs\u00e3o pelos edis da situa\u00e7\u00e3o e da oposi\u00e7\u00e3o.<\/font><\/p>\n<p align=\"justify\"><font size=\"3\" face=\"Arial\">Estavam presentes na sess\u00e3o todos os nove vereadores e o resultado foi o seguinte: Pela aprova\u00e7\u00e3o da lei votaram os vereadores Barba, Ferreirinha, Ivan do Co\u00eama, Ronaldinho e Izenilda Brand\u00e3o. Votaram pela reprova\u00e7\u00e3o da lei os vereadores Tisley Vicente e Vilma da Prata e, se abstiveram de votar Ana e Wellington Freitas. Podemos dizer que foi uma vit\u00f3ria do governo, que mais uma vez aprova uma lei in\u00e9dita no munic\u00edpio. Os loteiros tamb\u00e9m se fizeram presentes no plen\u00e1rio da casa de leis e acompanharam atentamente os debates.<\/font><\/p>\n<p align=\"justify\"><font size=\"3\" face=\"Arial\">Para o popular Aldo de Casa V\u00e9ia, a aprova\u00e7\u00e3o da lei foi uma grande vit\u00f3ria para os loteiros e para toda a sociedade. J\u00e1 Nel do Catimbau, disse que os vereadores que votaram a favor est\u00e3o de parab\u00e9ns pela decis\u00e3o acertada que d\u00e1 igualdade de direitos a todos os motoristas. Agora o documento segue para a prefeitura que dever\u00e1 ser sancionada pelo prefeito Ricardo Alves.<\/font><\/p>\n<div style=\"margin-top: 0px; margin-bottom: 0px;\" class=\"sharethis-inline-share-buttons\" ><\/div>","protected":false},"excerpt":{"rendered":"<p>A partir de agora o munic\u00edpio de Salo\u00e1 entra no rol de cidades que possuem uma legisla\u00e7\u00e3o pr\u00f3pria para regular os transportes alternativos. Isso por que uma lei foi aprovada na tarde de ontem, quinta-feira (09) que trata do assunto. O projeto da nova lei que entrar\u00e1 em vigor nos pr\u00f3ximos dias foi enviada pela [&hellip;]<\/p>\n","protected":false},"author":1,"featured_media":0,"comment_status":"open","ping_status":"open","sticky":false,"template":"","format":"standard","meta":{"footnotes":""},"categories":[2],"tags":[],"class_list":["post-1740","post","type-post","status-publish","format-standard","hentry","category-noticias-do-dia"],"_links":{"self":[{"href":"https:\/\/www.saloanoticias.com\/v1\/wp-json\/wp\/v2\/posts\/1740","targetHints":{"allow":["GET"]}}],"collection":[{"href":"https:\/\/www.saloanoticias.com\/v1\/wp-json\/wp\/v2\/posts"}],"about":[{"href":"https:\/\/www.saloanoticias.com\/v1\/wp-json\/wp\/v2\/types\/post"}],"author":[{"embeddable":true,"href":"https:\/\/www.saloanoticias.com\/v1\/wp-json\/wp\/v2\/users\/1"}],"replies":[{"embeddable":true,"href":"https:\/\/www.saloanoticias.com\/v1\/wp-json\/wp\/v2\/comments?post=1740"}],"version-history":[{"count":0,"href":"https:\/\/www.saloanoticias.com\/v1\/wp-json\/wp\/v2\/posts\/1740\/revisions"}],"wp:attachment":[{"href":"https:\/\/www.saloanoticias.com\/v1\/wp-json\/wp\/v2\/media?parent=1740"}],"wp:term":[{"taxonomy":"category","embeddable":true,"href":"https:\/\/www.saloanoticias.com\/v1\/wp-json\/wp\/v2\/categories?post=1740"},{"taxonomy":"post_tag","embeddable":true,"href":"https:\/\/www.saloanoticias.com\/v1\/wp-json\/wp\/v2\/tags?post=1740"}],"curies":[{"name":"wp","href":"https:\/\/api.w.org\/{rel}","templated":true}]}}