{"id":1739,"date":"2015-04-09T12:49:07","date_gmt":"2015-04-09T12:49:07","guid":{"rendered":"https:\/\/saloanoticias.mrmediaweb.com\/v1\/2015\/04\/09\/enfermeira-juliana-cavalcanti-responde-as-acusacoes-de-vereadora\/"},"modified":"2015-04-09T12:49:07","modified_gmt":"2015-04-09T12:49:07","slug":"enfermeira-juliana-cavalcanti-responde-as-acusacoes-de-vereadora","status":"publish","type":"post","link":"https:\/\/www.saloanoticias.com\/v1\/enfermeira-juliana-cavalcanti-responde-as-acusacoes-de-vereadora\/","title":{"rendered":"ENF. JULIANA CAVALCANTE RESPONDEU \u00c0S ACUSA\u00c7\u00d5ES FEITAS POR VEREADORA"},"content":{"rendered":"<p align=\"justify\"><font size=\"3\" face=\"Arial\"><a href=\"http:\/\/www.saloanoticias.com\/images\/dsc_6044_351b04a1542ca43ab0ac02c9097f3f78.jpg\"><img loading=\"lazy\" decoding=\"async\" title=\"DSC_6044\" style=\"border-top: 0px; border-right: 0px; background-image: none; border-bottom: 0px; float: none; padding-top: 0px; padding-left: 0px; margin: 0px auto 10px; border-left: 0px; display: block; padding-right: 0px\" border=\"0\" alt=\"DSC_6044\" src=\"http:\/\/www.saloanoticias.com\/v1\/wp-content\/uploads\/imagens\/dsc_6044_thumb_82153f222f4b880ea917f96ffb107ee2.jpg\" width=\"483\" height=\"408\"><\/a>Eu, Juliana Cavalcante Miranda venho identificar-me como a enfermeira a qual a vereadora Ana se dirigiu ao postar no blog de Wellington Freitas, uma mat\u00e9ria a qual ela chamou de DESABAFO E ABSURDO. Fa\u00e7o quest\u00e3o de identificar-me, pois tenho bons antecedentes na regi\u00e3o como enfermeira e um nome a zelar, al\u00e9m do que, quem n\u00e3o deve, n\u00e3o teme. <\/font><font size=\"3\" face=\"Arial\">Estando aqui destemida de todas as acusa\u00e7\u00f5es, quero inicialmente dizer, que tenho 13 anos de profiss\u00e3o, sou formada pela Universidade de Pernambuco, uma das mais bem conceituadas Universidades que formam enfermeiros no Brasil, P\u00f3s-graduada em Programa de Sa\u00fade da Fam\u00edlia pela FACISA, em Enfermagem do Trabalho pela FATEC INTERNACIONAL e qualificada em diversos cursos durante toda trajet\u00f3ria profissional.<\/font> <\/p>\n<p align=\"justify\"><font size=\"3\" face=\"Arial\">J\u00e1 trabalhei em v\u00e1rios munic\u00edpios da regi\u00e3o, inclusive quando rec\u00e9m formada de 2002 \u00e0 2004 aqui no munic\u00edpio de Salo\u00e1, no Governo do ex-prefeito Sr. Rivaldo Alves e recentemente no munic\u00edpio de Iati de 2009 \u00e0 2012, onde meu trabalho foi reconhecido e fui solicitada para assumir a Coordena\u00e7\u00e3o da Aten\u00e7\u00e3o B\u00e1sica, sem para isto ter qualquer v\u00ednculo pol\u00edtico com o munic\u00edpio. Diante de toda esta bagagem, nunca havia me deparado com tal situa\u00e7\u00e3o na qual passei na noite do dia 07 de abril, enquanto estava de plant\u00e3o na Unidade Mista Josina Godoy, onde grande parte dos funcion\u00e1rios presenciaram o descontrole emocional, a exalta\u00e7\u00e3o e o tom de voz agressivo da vereadora Ana ao dirigir-se a minha pessoa. <\/font> <\/p>\n<p align=\"justify\"><font size=\"3\" face=\"Arial\"> Irei descrever todo ocorrido para melhor entendimento, onde para isso tenho testemunhas, n\u00e3o s\u00f3 os funcion\u00e1rios do hospital, mas pessoas que estavam no momento por algum outro motivo. <\/font><font size=\"3\" face=\"Arial\">O plant\u00e3o da ter\u00e7a-feira \u00e9 muito estressante e corrido, devido \u00e0 prefer\u00eancia e empatia que a popula\u00e7\u00e3o de Salo\u00e1 tem pelo m\u00e9dico de plant\u00e3o. A enfermagem trabalha muito, at\u00e9 chegar \u00e0 exaust\u00e3o, onde n\u00e3o temos hora para nos alimentar, realizar nossa higiene pessoal e repousar, que \u00e9 um direito leg\u00edtimo de todos que trabalham e todo ser humano, pois em todo trabalho o profissional tem o direito de descanso, respaldado na Sess\u00e3o III Art. 71 do DECRETO-LEI N.\u00ba 5.452, DE 1\u00ba DE MAIO DE 1943. Muitas vezes, ficamos at\u00e9 altas horas fazendo servi\u00e7os burocr\u00e1ticos de anota\u00e7\u00f5es em prontu\u00e1rios, formul\u00e1rios e livros, porque n\u00e3o tivemos tempo de realizar estas tarefas em outro momento, devido ao grande n\u00famero de atendimentos durante o dia, postergando desta forma o nosso banho, repouso, etc. <\/font> <\/p>\n<p align=\"justify\"><font size=\"3\" face=\"Arial\"> Na noite da ter\u00e7a-feira, dia 07 por volta das 23:30h, n\u00e3o sei ao certo, pois estava no banho, ouvi quando o vigilante bateu na porta do repouso de enfermagem e comunicou que havia chegado paciente, pois como havia cessado o movimento est\u00e1vamos no repouso de sobreaviso, e algumas t\u00e9cnicas de enfermagem repousando. A t\u00e9cnica de enfermagem Alessandra, ao ouvir o chamado prontamente foi fazer a triagem, onde encontrou a vereadora Ana acompanhando uma m\u00e3e com seu filho. A t\u00e9cnica verificou a temperatura da crian\u00e7a, que \u201cn\u00e3o\u201d encontrava-se com febre (37\u00b0C) e nenhum risco eminente de morte. Sendo assim, pediu que aguardassem o t\u00e9rmino do banho para que eu avaliasse a crian\u00e7a, <\/font><font size=\"3\" face=\"Arial\">onde neste momento a vereadora al\u00e9m de desacatar a t\u00e9cnica de enfermagem j\u00e1 verbalizava, segundo testemunhas, que \u201ceu preferia tomar banho a ter que atender uma emerg\u00eancia\u201d.<\/font> <\/p>\n<p align=\"justify\"><font size=\"3\" face=\"Arial\">Dou uma pequena pausa aqui, para esclarecer que s\u00f3 um profissional de sa\u00fade habilitado \u00e9 capaz de fazer distin\u00e7\u00e3o entre uma emerg\u00eancia e uma urg\u00eancia, e isso j\u00e1 havia sido realizado pela t\u00e9cnica de enfermagem. Eu, ao saber que havia paciente aguardando, saindo do banho, dirigir-me ao atendimento da crian\u00e7a, onde chegando l\u00e1 fui desacatada pela vereadora, muito exaltada e com tom de voz agressivo, me questionou se o m\u00e9dico n\u00e3o viria atender, respondi que o plant\u00e3o m\u00e9dico da ter\u00e7a era de 12 horas e que o mesmo j\u00e1 n\u00e3o estava mais, quando imediatamente ela n\u00e3o respeitou que eu j\u00e1 havia me posicionado para atender a crian\u00e7a, que j\u00e1 encontrava-se na maca para ser examinada e encostou o celular dela pr\u00f3ximo a minha boca para gravar a minha fala, sem que eu desse permiss\u00e3o para isso, mesmo assim continuei a falar.<\/font> <\/p>\n<p align=\"justify\"><font size=\"3\" face=\"Arial\">Ficou o tempo inteiro acuando-me para tentar me intimidar, enquanto eu examinava a crian\u00e7a e tomava uma conduta. O tempo inteiro a dizer que eu estava nervosa, que n\u00e3o entendia o motivo do meu nervosismo e duvidando de que realmente teria vindo do banho, afirmando que o vigilante teria dito que eu estava dormindo. Quero dizer que no primeiro momento, fiquei realmente nervosa e chocada, com o comportamento da vereadora Ana, e disse a mesma que como n\u00e3o haveria de estar nervosa, pois n\u00e3o tinha costume de encarar uma situa\u00e7\u00e3o t\u00e3o constrangedora de falta de respeito e desacato, que o resultado seria mesmo ficar estarrecida. Mesmo assim, sob press\u00e3o psicol\u00f3gica, terminei de avaliar a crian\u00e7a, detectei que era uma IRA (Infec\u00e7\u00e3o Respirat\u00f3ria Aguda), que segundo a m\u00e3e teria iniciado h\u00e1 mais ou menos 3 dias, sem procurar o servi\u00e7o de sa\u00fade.<\/font> <\/p>\n<p align=\"justify\"><font size=\"3\" face=\"Arial\">Sendo assim, constatei que n\u00e3o se tratava de nenhuma emerg\u00eancia com risco eminente de morte, que era uma Infec\u00e7\u00e3o Prevalente na Inf\u00e2ncia e de f\u00e1cil tratamento na Aten\u00e7\u00e3o B\u00e1sica, ou seja, no Programa de Sa\u00fade da Fam\u00edlia (PSF). Usei meus conhecimentos sobre as Doen\u00e7as Prevalentes na Inf\u00e2ncia, onde fui qualificada em um curso realizado pelo IMIP, tomei a devida conduta e expliquei a m\u00e3e da crian\u00e7a e a vereadora Ana, que as minhas condutas enquanto enfermeira tinham limites impostos pelo c\u00f3digo de \u00e9tica da minha profiss\u00e3o e que apesar da maneira que ela chegou me bombardeando, estava tentando ajudar, at\u00e9 al\u00e9m do que me era permitido. <\/font> <\/p>\n<p align=\"justify\"><font size=\"3\" face=\"Arial\">Em seu discurso no blog, a vereadora declarou que falei grosseiramente que n\u00e3o tinha obriga\u00e7\u00e3o de atender a crian\u00e7a, no entanto, a crian\u00e7a foi devidamente atendida no limite do que compete a minha profiss\u00e3o e foi isso que tentei explicar para elas. Em seguida, orientei a m\u00e3e a procurar o Posto de Sa\u00fade mais pr\u00f3ximo de sua resid\u00eancia para realizar o tratamento e acompanhamento com profissional m\u00e9dico. Enquanto era realizado todo atendimento e orienta\u00e7\u00f5es, a vereadora o tempo inteiro fazendo questionamentos pol\u00edticos e foi a\u00ed que esclareci, que se ela estivesse insatisfeita com alguma coisa, ou tivesse encontrado algo que a desagradou, que procurasse as autoridades municipais, para resolver, pois era apenas uma funcion\u00e1ria daquele hospital. Ao acabar o atendimento, me recolhi, ela permaneceu na recep\u00e7\u00e3o falando em alto e bom tom, palavras para me afrontar. <\/font> <\/p>\n<p align=\"justify\"><font size=\"3\" face=\"Arial\">Agora, eu lhe pergunto vereadora Ana, se isso n\u00e3o for desacato ao funcion\u00e1rio p\u00fablico, o que ser\u00e1 ? Talvez voc\u00ea ache no seu entendimento, que desacato ser\u00e1 apenas xingamento ou agress\u00e3o f\u00edsica. <\/font><font size=\"3\" face=\"Arial\">Os funcion\u00e1rios da Unidade Mista Josina Godoy, presentes, repudiam o seu comportamento e sua conduta com mentiras. O funcion\u00e1rio Jos\u00e9 Paes Alves, que exerce a fun\u00e7\u00e3o de vigilante, est\u00e1 indignado com tamanha cal\u00fania, em ser declarado que o mesmo haveria dito que a enfermeira estaria dormindo, que n\u00e3o iria acord\u00e1-la, e que ele teria dito para a vereadora ir at\u00e9 o repouso de enfermagem. N\u00f3s que trabalhamos nesta Unidade, sabemos que n\u00e3o \u00e9 desta maneira, que os vigilantes procedem.<\/font> <\/p>\n<p align=\"justify\"><font size=\"3\" face=\"Arial\">Mesmo que estivesse de repouso, \u201cque n\u00e3o era o caso\u201d, qual seria o problema, visto que haviam outros profissionais de prontid\u00e3o e at\u00e9 ent\u00e3o, n\u00e3o havia nenhum paciente \u00e0 espera de ser atendido, desta forma estaria no meu direito respaldado por Lei. <\/font><font size=\"3\" face=\"Arial\"> Quero finalizar enfatizando, que n\u00e3o foi com a sua ajuda e os seus votos, como voc\u00ea afirmou, que sou enfermeira no munic\u00edpio de Salo\u00e1, mas sim pelo meu esfor\u00e7o, estudo e dedica\u00e7\u00e3o a minha profiss\u00e3o e h\u00e1 quem diga, pela minha compet\u00eancia. <\/font> <\/p>\n<p align=\"justify\"><font size=\"3\" face=\"Arial\"> Os M\u00c9RITOS E PRIVIL\u00c9GIOS que obtive na vida, foram conquistados e permitidos por Deus. Abaixo D\u2019ele, houve da minha parte, muito estudo, o que est\u00e1 muito al\u00e9m do alcance da sua compreens\u00e3o.&nbsp; <\/font> <\/p>\n<p align=\"center\"><font size=\"3\" face=\"Arial\"><strong>Juliana Cavalcante de Miranda<\/strong> <\/font> <\/p>\n<p align=\"center\"><font size=\"3\" face=\"Arial\"><u>Funcion\u00e1rios presentes no plant\u00e3o:<\/u> <\/font> <\/p>\n<p align=\"center\"><font size=\"3\" face=\"Arial\">Jos\u00e9 Paes Alves \u2013 Vigilante <\/font> <\/p>\n<p align=\"center\"><font size=\"3\" face=\"Arial\">Roberta P\u00e2mela S. Miguel \u2013 T\u00e9cnica de Enfermagem <\/font> <\/p>\n<p align=\"center\"><font size=\"3\" face=\"Arial\">Alessandra Melo Silva &#8211; T\u00e9cnica de Enfermagem <\/font> <\/p>\n<p align=\"center\"><font size=\"3\" face=\"Arial\">Paula Roberta S. Miquilino \u2013 Auxiliar de Servi\u00e7os Gerais <\/font> <\/p>\n<p align=\"center\"><font size=\"3\" face=\"Arial\">Renildo Bezerra \u2013 Motorista da Ambul\u00e2ncia<\/font><\/p>\n<div style=\"margin-top: 0px; margin-bottom: 0px;\" class=\"sharethis-inline-share-buttons\" ><\/div>","protected":false},"excerpt":{"rendered":"<p>Eu, Juliana Cavalcante Miranda venho identificar-me como a enfermeira a qual a vereadora Ana se dirigiu ao postar no blog de Wellington Freitas, uma mat\u00e9ria a qual ela chamou de DESABAFO E ABSURDO. Fa\u00e7o quest\u00e3o de identificar-me, pois tenho bons antecedentes na regi\u00e3o como enfermeira e um nome a zelar, al\u00e9m do que, quem n\u00e3o [&hellip;]<\/p>\n","protected":false},"author":1,"featured_media":0,"comment_status":"open","ping_status":"open","sticky":false,"template":"","format":"standard","meta":{"footnotes":""},"categories":[2],"tags":[],"class_list":["post-1739","post","type-post","status-publish","format-standard","hentry","category-noticias-do-dia"],"_links":{"self":[{"href":"https:\/\/www.saloanoticias.com\/v1\/wp-json\/wp\/v2\/posts\/1739","targetHints":{"allow":["GET"]}}],"collection":[{"href":"https:\/\/www.saloanoticias.com\/v1\/wp-json\/wp\/v2\/posts"}],"about":[{"href":"https:\/\/www.saloanoticias.com\/v1\/wp-json\/wp\/v2\/types\/post"}],"author":[{"embeddable":true,"href":"https:\/\/www.saloanoticias.com\/v1\/wp-json\/wp\/v2\/users\/1"}],"replies":[{"embeddable":true,"href":"https:\/\/www.saloanoticias.com\/v1\/wp-json\/wp\/v2\/comments?post=1739"}],"version-history":[{"count":0,"href":"https:\/\/www.saloanoticias.com\/v1\/wp-json\/wp\/v2\/posts\/1739\/revisions"}],"wp:attachment":[{"href":"https:\/\/www.saloanoticias.com\/v1\/wp-json\/wp\/v2\/media?parent=1739"}],"wp:term":[{"taxonomy":"category","embeddable":true,"href":"https:\/\/www.saloanoticias.com\/v1\/wp-json\/wp\/v2\/categories?post=1739"},{"taxonomy":"post_tag","embeddable":true,"href":"https:\/\/www.saloanoticias.com\/v1\/wp-json\/wp\/v2\/tags?post=1739"}],"curies":[{"name":"wp","href":"https:\/\/api.w.org\/{rel}","templated":true}]}}