{"id":1738,"date":"2015-04-08T18:00:00","date_gmt":"2015-04-08T18:00:00","guid":{"rendered":"https:\/\/saloanoticias.mrmediaweb.com\/v1\/2015\/04\/08\/saloa-comemora-dia-mundial-da-saude\/"},"modified":"2015-04-08T18:00:00","modified_gmt":"2015-04-08T18:00:00","slug":"saloa-comemora-dia-mundial-da-saude","status":"publish","type":"post","link":"https:\/\/www.saloanoticias.com\/v1\/saloa-comemora-dia-mundial-da-saude\/","title":{"rendered":"SALO\u00c1 COMEMORA DIA MUNDIAL DA SA\u00daDE"},"content":{"rendered":"<p align=\"justify\"><font size=\"3\" face=\"Arial\"><a href=\"http:\/\/www.saloanoticias.com\/images\/salo-notcias-9_e6b7887e3a989a4a8afe83710061ac94.jpg\"><img loading=\"lazy\" decoding=\"async\" title=\"Salo&aacute; Not&iacute;cias 9\" style=\"border-top: 0px; border-right: 0px; background-image: none; border-bottom: 0px; float: none; padding-top: 0px; padding-left: 0px; margin: 0px auto 10px; border-left: 0px; display: block; padding-right: 0px\" border=\"0\" alt=\"Salo&aacute; Not&iacute;cias 9\" src=\"http:\/\/www.saloanoticias.com\/v1\/wp-content\/uploads\/imagens\/salo-notcias-9_thumb_cff31c2c14b75b5c4c5521aa28a7007a.jpg\" width=\"628\" height=\"385\"><\/a>A Academia da Sa\u00fade de Salo\u00e1 representa um espa\u00e7o de conviv\u00eancia e conserva\u00e7\u00e3o da vida. Frequentemente s\u00e3o realizadas atividades f\u00edsicas, palestras e exames de sa\u00fade preventiva, o que tem estimulado a popula\u00e7\u00e3o a h\u00e1bitos saud\u00e1veis. Nesta ter\u00e7a-feira (07), em comemora\u00e7\u00e3o ao Dia Mundial da Sa\u00fade, os profissionais que comp\u00f5em a Secretaria Municipal de Sa\u00fade estiveram realizando uma manh\u00e3 de muitas atividades para os usu\u00e1rios do sistema. Com o tema \u201cAlimenta\u00e7\u00e3o Saud\u00e1vel e Segura\u201d, profissionais do CAPS, NASF, Vigil\u00e2ncia em Sa\u00fade e a Equipe de sa\u00fade bucal apresentaram as op\u00e7\u00f5es sobre alimenta\u00e7\u00e3o considerando sua especificidade.<\/font> <\/p>\n<p align=\"justify\"><a href=\"http:\/\/www.saloanoticias.com\/images\/salo-notcias_4c337b9904c2e148eecb95ea6a536596.jpg\"><img loading=\"lazy\" decoding=\"async\" title=\"Salo&aacute; Not&iacute;cias\" style=\"border-top: 0px; border-right: 0px; background-image: none; border-bottom: 0px; float: none; padding-top: 0px; padding-left: 0px; margin: 10px auto; border-left: 0px; display: block; padding-right: 0px\" border=\"0\" alt=\"Salo&aacute; Not&iacute;cias\" src=\"http:\/\/www.saloanoticias.com\/v1\/wp-content\/uploads\/imagens\/salo-notcias_thumb_d08f5512f1d973b009cdf7a3c5db333a.jpg\" width=\"631\" height=\"473\"><\/a> <\/p>\n<p align=\"justify\"><font size=\"3\" face=\"Arial\">Tamb\u00e9m participaram da a\u00e7\u00e3o a Secretaria Municipal de Agricultura, Compesa e o Canto M\u00e3e Coruja. O p\u00fablico p\u00f4de experimentar de sucos naturais produzidos a partir do reaproveitamento de alimentos, al\u00e9m de realizar aferi\u00e7\u00e3o de press\u00e3o arterial, teste de glicemia e entender sobre a utilizar do hipoclorito de s\u00f3dio para conserva\u00e7\u00e3o dos alimentos. Os representantes da Compesa explicaram sobre a higieniza\u00e7\u00e3o de reservat\u00f3rios e cuidados com a \u00e1gua. Segundo a coordenadora da Academia da Sa\u00fade, Manuela Freitas, o espa\u00e7o tem sido bastante procurado.<\/font> <\/p>\n<p align=\"justify\"><font size=\"3\" face=\"Arial\">De modo que foi elaborado um programa que \u00e9 refeito mensalmente, onde s\u00e3o disponibilizados os servi\u00e7os de Atividade f\u00edsica, exerc\u00edcios funcionais, dan\u00e7a, atendimentos pelas equipes do CAPS, NASF e os grupos de interesse Sa\u00fade da Mulher, Sa\u00fade do Homem Sa\u00fade do Idoso e Sa\u00fade Mental. <\/font><font size=\"3\" face=\"Arial\">O cronograma de atividades de cada m\u00eas \u00e9 fixado nos murais dos principais pontos p\u00fablicos do munic\u00edpio, divulgado intensamente na pr\u00f3pria Academia da Sa\u00fade. Com informa\u00e7\u00f5es do blog Salo\u00e1 Informa.<\/font><\/p>\n<div style=\"margin-top: 0px; margin-bottom: 0px;\" class=\"sharethis-inline-share-buttons\" ><\/div>","protected":false},"excerpt":{"rendered":"<p>A Academia da Sa\u00fade de Salo\u00e1 representa um espa\u00e7o de conviv\u00eancia e conserva\u00e7\u00e3o da vida. Frequentemente s\u00e3o realizadas atividades f\u00edsicas, palestras e exames de sa\u00fade preventiva, o que tem estimulado a popula\u00e7\u00e3o a h\u00e1bitos saud\u00e1veis. Nesta ter\u00e7a-feira (07), em comemora\u00e7\u00e3o ao Dia Mundial da Sa\u00fade, os profissionais que comp\u00f5em a Secretaria Municipal de Sa\u00fade estiveram [&hellip;]<\/p>\n","protected":false},"author":1,"featured_media":0,"comment_status":"open","ping_status":"open","sticky":false,"template":"","format":"standard","meta":{"footnotes":""},"categories":[2],"tags":[],"class_list":["post-1738","post","type-post","status-publish","format-standard","hentry","category-noticias-do-dia"],"_links":{"self":[{"href":"https:\/\/www.saloanoticias.com\/v1\/wp-json\/wp\/v2\/posts\/1738","targetHints":{"allow":["GET"]}}],"collection":[{"href":"https:\/\/www.saloanoticias.com\/v1\/wp-json\/wp\/v2\/posts"}],"about":[{"href":"https:\/\/www.saloanoticias.com\/v1\/wp-json\/wp\/v2\/types\/post"}],"author":[{"embeddable":true,"href":"https:\/\/www.saloanoticias.com\/v1\/wp-json\/wp\/v2\/users\/1"}],"replies":[{"embeddable":true,"href":"https:\/\/www.saloanoticias.com\/v1\/wp-json\/wp\/v2\/comments?post=1738"}],"version-history":[{"count":0,"href":"https:\/\/www.saloanoticias.com\/v1\/wp-json\/wp\/v2\/posts\/1738\/revisions"}],"wp:attachment":[{"href":"https:\/\/www.saloanoticias.com\/v1\/wp-json\/wp\/v2\/media?parent=1738"}],"wp:term":[{"taxonomy":"category","embeddable":true,"href":"https:\/\/www.saloanoticias.com\/v1\/wp-json\/wp\/v2\/categories?post=1738"},{"taxonomy":"post_tag","embeddable":true,"href":"https:\/\/www.saloanoticias.com\/v1\/wp-json\/wp\/v2\/tags?post=1738"}],"curies":[{"name":"wp","href":"https:\/\/api.w.org\/{rel}","templated":true}]}}