{"id":1737,"date":"2015-04-08T14:21:42","date_gmt":"2015-04-08T14:21:42","guid":{"rendered":"https:\/\/saloanoticias.mrmediaweb.com\/v1\/2015\/04\/08\/adventistas-terao-programacao-na-radio-de-saloa\/"},"modified":"2015-04-08T14:21:42","modified_gmt":"2015-04-08T14:21:42","slug":"adventistas-terao-programacao-na-radio-de-saloa","status":"publish","type":"post","link":"https:\/\/www.saloanoticias.com\/v1\/adventistas-terao-programacao-na-radio-de-saloa\/","title":{"rendered":"IGREJA ADVENTISTA TER\u00c1 PROGRAMA\u00c7\u00c3O NA R\u00c1DIO DE SALO\u00c1"},"content":{"rendered":"<p align=\"justify\"><font size=\"3\" face=\"Arial\"><a href=\"http:\/\/www.saloanoticias.com\/images\/slogan-igreja-3.jpg\"><img loading=\"lazy\" decoding=\"async\" title=\"SLOGAN IGREJA 3\" style=\"border-top: 0px; border-right: 0px; background-image: none; border-bottom: 0px; float: left; padding-top: 0px; padding-left: 0px; margin: 5px 5px 0px 0px; border-left: 0px; display: inline; padding-right: 0px\" border=\"0\" alt=\"SLOGAN IGREJA 3\" src=\"http:\/\/www.saloanoticias.com\/v1\/wp-content\/uploads\/imagens\/slogan-igreja-3_thumb.jpg\" width=\"262\" align=\"left\" height=\"168\"><\/a>O Programa \u201cA Voz da Verdade\u201d \u00e9 um programa da Igreja Adventista do S\u00e9timo Dia em Salo\u00e1, e est\u00e1 sendo preparado com cuidado para conquistar as fam\u00edlias saloaenses, independente de religi\u00e3o. Durante a programa\u00e7\u00e3o voc\u00ea ouvir\u00e1 bel\u00edssimos louvores, poder\u00e1 fazer pedidos de ora\u00e7\u00e3o e o principal, ser\u00e1 o momento b\u00edblico com estudos e prega\u00e7\u00e3o do evangelho. <\/font><font size=\"3\" face=\"Arial\">O programa ser\u00e1 apresentado pelo Locutor Israel Gomes (Rael Locutor) com participa\u00e7\u00f5es especiais de membros da referida Igreja.<\/font> <\/p>\n<p align=\"justify\"><font size=\"3\" face=\"Arial\">\u201cA Voz da Verdade\u201d \u00e9 o programa que est\u00e1 chegando para conquistar as fam\u00edlias e, estrear\u00e1 na pr\u00f3xima ter\u00e7a-feira (14), a partir das 16:00 horas na R\u00e1dio Salo\u00e1 FM, \u00e9 idealizado pelos seus realizadores se tornando um programa independente.<\/font><\/p>\n<div style=\"margin-top: 0px; margin-bottom: 0px;\" class=\"sharethis-inline-share-buttons\" ><\/div>","protected":false},"excerpt":{"rendered":"<p>O Programa \u201cA Voz da Verdade\u201d \u00e9 um programa da Igreja Adventista do S\u00e9timo Dia em Salo\u00e1, e est\u00e1 sendo preparado com cuidado para conquistar as fam\u00edlias saloaenses, independente de religi\u00e3o. Durante a programa\u00e7\u00e3o voc\u00ea ouvir\u00e1 bel\u00edssimos louvores, poder\u00e1 fazer pedidos de ora\u00e7\u00e3o e o principal, ser\u00e1 o momento b\u00edblico com estudos e prega\u00e7\u00e3o do [&hellip;]<\/p>\n","protected":false},"author":1,"featured_media":0,"comment_status":"open","ping_status":"open","sticky":false,"template":"","format":"standard","meta":{"footnotes":""},"categories":[2],"tags":[],"class_list":["post-1737","post","type-post","status-publish","format-standard","hentry","category-noticias-do-dia"],"_links":{"self":[{"href":"https:\/\/www.saloanoticias.com\/v1\/wp-json\/wp\/v2\/posts\/1737","targetHints":{"allow":["GET"]}}],"collection":[{"href":"https:\/\/www.saloanoticias.com\/v1\/wp-json\/wp\/v2\/posts"}],"about":[{"href":"https:\/\/www.saloanoticias.com\/v1\/wp-json\/wp\/v2\/types\/post"}],"author":[{"embeddable":true,"href":"https:\/\/www.saloanoticias.com\/v1\/wp-json\/wp\/v2\/users\/1"}],"replies":[{"embeddable":true,"href":"https:\/\/www.saloanoticias.com\/v1\/wp-json\/wp\/v2\/comments?post=1737"}],"version-history":[{"count":0,"href":"https:\/\/www.saloanoticias.com\/v1\/wp-json\/wp\/v2\/posts\/1737\/revisions"}],"wp:attachment":[{"href":"https:\/\/www.saloanoticias.com\/v1\/wp-json\/wp\/v2\/media?parent=1737"}],"wp:term":[{"taxonomy":"category","embeddable":true,"href":"https:\/\/www.saloanoticias.com\/v1\/wp-json\/wp\/v2\/categories?post=1737"},{"taxonomy":"post_tag","embeddable":true,"href":"https:\/\/www.saloanoticias.com\/v1\/wp-json\/wp\/v2\/tags?post=1737"}],"curies":[{"name":"wp","href":"https:\/\/api.w.org\/{rel}","templated":true}]}}