{"id":17356,"date":"2022-02-06T11:00:00","date_gmt":"2022-02-06T14:00:00","guid":{"rendered":"https:\/\/www.saloanoticias.com\/v1\/?p=17356"},"modified":"2022-02-06T13:06:58","modified_gmt":"2022-02-06T16:06:58","slug":"bolsonaro-assinam-portaria-com-o-aumento-do-piso-salarial-dos-professores","status":"publish","type":"post","link":"https:\/\/www.saloanoticias.com\/v1\/bolsonaro-assinam-portaria-com-o-aumento-do-piso-salarial-dos-professores\/","title":{"rendered":"Bolsonaro assina portaria com aumento do piso salarial dos professores"},"content":{"rendered":"\n<p>O presidente&nbsp;Jair Bolsonaro&nbsp;e o ministro da Educa\u00e7\u00e3o, Milton Ribeiro, assinaram nesta sexta-feira (4) no Pal\u00e1cio do Planalto a portaria que oficializa o&nbsp;novo piso salarial dos professores da educa\u00e7\u00e3o b\u00e1sica&nbsp;da rede p\u00fablica. O valor&nbsp;passar\u00e1 de R$ 2.886 para R$ 3.845,63.<\/p>\n\n\n\n<p>Durante o ato no Planalto, o Minist\u00e9rio da Educa\u00e7\u00e3o lan\u00e7ou dois editais com oferta de 168 mil vagas em cursos de gradua\u00e7\u00e3o e p\u00f3s-gradua\u00e7\u00e3o para forma\u00e7\u00e3o de professores da educa\u00e7\u00e3o b\u00e1sica. Bolsonaro anunciou o reajuste de 33,24% para os professores&nbsp;na semana passada.<\/p>\n\n\n\n<p>A lei do piso salarial dos professores, sancionada em 2008, estabelece que&nbsp;<strong>o reajuste deve ser feito anualmente, no m\u00eas de janeiro<\/strong>. O piso salarial \u00e9 definido pelo governo federal, mas os sal\u00e1rios da educa\u00e7\u00e3o b\u00e1sica s\u00e3o pagos pelas prefeituras e pelos governos estaduais.<\/p>\n\n\n\n<p>De acordo com a Secretaria de Educa\u00e7\u00e3o B\u00e1sica do Minist\u00e9rio da Educa\u00e7\u00e3o, mais de 1,7 milh\u00e3o professores ser\u00e3o beneficiados pelo reajuste em todo o pa\u00eds. <em>Fonte: Globo.com<\/em><\/p>\n<div style=\"margin-top: 0px; margin-bottom: 0px;\" class=\"sharethis-inline-share-buttons\" ><\/div>","protected":false},"excerpt":{"rendered":"<p>O presidente&nbsp;Jair Bolsonaro&nbsp;e o ministro da Educa\u00e7\u00e3o, Milton Ribeiro, assinaram nesta sexta-feira (4) no Pal\u00e1cio do Planalto a portaria que oficializa o&nbsp;novo piso salarial dos professores da educa\u00e7\u00e3o b\u00e1sica&nbsp;da rede p\u00fablica. O valor&nbsp;passar\u00e1 de R$ 2.886 para R$ 3.845,63. Durante o ato no Planalto, o Minist\u00e9rio da Educa\u00e7\u00e3o lan\u00e7ou dois editais com oferta de 168 [&hellip;]<\/p>\n","protected":false},"author":1,"featured_media":17357,"comment_status":"closed","ping_status":"closed","sticky":false,"template":"","format":"standard","meta":{"footnotes":""},"categories":[17],"tags":[],"class_list":["post-17356","post","type-post","status-publish","format-standard","has-post-thumbnail","hentry","category-educacao"],"_links":{"self":[{"href":"https:\/\/www.saloanoticias.com\/v1\/wp-json\/wp\/v2\/posts\/17356","targetHints":{"allow":["GET"]}}],"collection":[{"href":"https:\/\/www.saloanoticias.com\/v1\/wp-json\/wp\/v2\/posts"}],"about":[{"href":"https:\/\/www.saloanoticias.com\/v1\/wp-json\/wp\/v2\/types\/post"}],"author":[{"embeddable":true,"href":"https:\/\/www.saloanoticias.com\/v1\/wp-json\/wp\/v2\/users\/1"}],"replies":[{"embeddable":true,"href":"https:\/\/www.saloanoticias.com\/v1\/wp-json\/wp\/v2\/comments?post=17356"}],"version-history":[{"count":4,"href":"https:\/\/www.saloanoticias.com\/v1\/wp-json\/wp\/v2\/posts\/17356\/revisions"}],"predecessor-version":[{"id":17363,"href":"https:\/\/www.saloanoticias.com\/v1\/wp-json\/wp\/v2\/posts\/17356\/revisions\/17363"}],"wp:featuredmedia":[{"embeddable":true,"href":"https:\/\/www.saloanoticias.com\/v1\/wp-json\/wp\/v2\/media\/17357"}],"wp:attachment":[{"href":"https:\/\/www.saloanoticias.com\/v1\/wp-json\/wp\/v2\/media?parent=17356"}],"wp:term":[{"taxonomy":"category","embeddable":true,"href":"https:\/\/www.saloanoticias.com\/v1\/wp-json\/wp\/v2\/categories?post=17356"},{"taxonomy":"post_tag","embeddable":true,"href":"https:\/\/www.saloanoticias.com\/v1\/wp-json\/wp\/v2\/tags?post=17356"}],"curies":[{"name":"wp","href":"https:\/\/api.w.org\/{rel}","templated":true}]}}