{"id":1735,"date":"2015-04-07T21:45:22","date_gmt":"2015-04-07T21:45:22","guid":{"rendered":"https:\/\/saloanoticias.mrmediaweb.com\/v1\/2015\/04\/07\/saiu-concorrencia-do-concurso-de-saloa\/"},"modified":"2015-04-07T21:45:22","modified_gmt":"2015-04-07T21:45:22","slug":"saiu-concorrencia-do-concurso-de-saloa","status":"publish","type":"post","link":"https:\/\/www.saloanoticias.com\/v1\/saiu-concorrencia-do-concurso-de-saloa\/","title":{"rendered":"SAIU A CONCORR\u00caNCIA PARA O CONCURSO P\u00daBLICO DA CIDADE DE SALO\u00c1\/PE"},"content":{"rendered":"<p align=\"justify\"><font size=\"3\" face=\"Arial\"><a href=\"http:\/\/www.saloanoticias.com\/images\/prefeitura-de-salo_b8fa65ec5ef9bc7fb46b26aa4868bfcc.jpg\"><img loading=\"lazy\" decoding=\"async\" title=\"Prefeitura de Salo&aacute;\" style=\"border-top: 0px; border-right: 0px; background-image: none; border-bottom: 0px; float: left; padding-top: 0px; padding-left: 0px; margin: 5px 5px 0px 0px; border-left: 0px; display: inline; padding-right: 0px\" border=\"0\" alt=\"Prefeitura de Salo&aacute;\" src=\"http:\/\/www.saloanoticias.com\/v1\/wp-content\/uploads\/imagens\/prefeitura-de-salo_thumb_3a61090fbfddc481d7792014faa73958.jpg\" width=\"210\" align=\"left\" height=\"177\"><\/a>Saiu nesta segunda-feira (6) a concorr\u00eancia pelo n\u00famero de vagas do concurso p\u00fablico da cidade de Salo\u00e1. Os n\u00fameros surpreenderam at\u00e9 mesmo os organizadores do certame, j\u00e1 que eles acreditavam que os inscritos seriam bem menor. A tabela que relaciona o n\u00famero de vagas, concorr\u00eancia e concorr\u00eancia por vaga foi divulgado pela empresa realizadora do concurso, a ADM e TEC. No total foram 3.972 pessoas inscritas, concorrendo a 134 vagas no geral.<\/font><\/p>\n<p align=\"justify\"><a href=\"http:\/\/www.saloanoticias.com\/images\/concurso-de-salo_6ac282590782c8b0276a715d0dbda672.jpg\"><img loading=\"lazy\" decoding=\"async\" title=\"Concurso de Salo&aacute;\" style=\"border-top: 0px; border-right: 0px; background-image: none; border-bottom: 0px; float: none; padding-top: 0px; padding-left: 0px; margin: 10px auto 0px; border-left: 0px; display: block; padding-right: 0px\" border=\"0\" alt=\"Concurso de Salo&aacute;\" src=\"http:\/\/www.saloanoticias.com\/v1\/wp-content\/uploads\/imagens\/concurso-de-salo_thumb_c132f1da8505b63a31f317baa1fe48f9.jpg\" width=\"586\" height=\"580\"><\/a><\/p>\n<div style=\"margin-top: 0px; margin-bottom: 0px;\" class=\"sharethis-inline-share-buttons\" ><\/div>","protected":false},"excerpt":{"rendered":"<p>Saiu nesta segunda-feira (6) a concorr\u00eancia pelo n\u00famero de vagas do concurso p\u00fablico da cidade de Salo\u00e1. Os n\u00fameros surpreenderam at\u00e9 mesmo os organizadores do certame, j\u00e1 que eles acreditavam que os inscritos seriam bem menor. A tabela que relaciona o n\u00famero de vagas, concorr\u00eancia e concorr\u00eancia por vaga foi divulgado pela empresa realizadora do [&hellip;]<\/p>\n","protected":false},"author":1,"featured_media":0,"comment_status":"open","ping_status":"open","sticky":false,"template":"","format":"standard","meta":{"footnotes":""},"categories":[2],"tags":[],"class_list":["post-1735","post","type-post","status-publish","format-standard","hentry","category-noticias-do-dia"],"_links":{"self":[{"href":"https:\/\/www.saloanoticias.com\/v1\/wp-json\/wp\/v2\/posts\/1735","targetHints":{"allow":["GET"]}}],"collection":[{"href":"https:\/\/www.saloanoticias.com\/v1\/wp-json\/wp\/v2\/posts"}],"about":[{"href":"https:\/\/www.saloanoticias.com\/v1\/wp-json\/wp\/v2\/types\/post"}],"author":[{"embeddable":true,"href":"https:\/\/www.saloanoticias.com\/v1\/wp-json\/wp\/v2\/users\/1"}],"replies":[{"embeddable":true,"href":"https:\/\/www.saloanoticias.com\/v1\/wp-json\/wp\/v2\/comments?post=1735"}],"version-history":[{"count":0,"href":"https:\/\/www.saloanoticias.com\/v1\/wp-json\/wp\/v2\/posts\/1735\/revisions"}],"wp:attachment":[{"href":"https:\/\/www.saloanoticias.com\/v1\/wp-json\/wp\/v2\/media?parent=1735"}],"wp:term":[{"taxonomy":"category","embeddable":true,"href":"https:\/\/www.saloanoticias.com\/v1\/wp-json\/wp\/v2\/categories?post=1735"},{"taxonomy":"post_tag","embeddable":true,"href":"https:\/\/www.saloanoticias.com\/v1\/wp-json\/wp\/v2\/tags?post=1735"}],"curies":[{"name":"wp","href":"https:\/\/api.w.org\/{rel}","templated":true}]}}